{"id":102789,"date":"2021-11-25T12:14:25","date_gmt":"2021-11-25T12:14:25","guid":{"rendered":"https:\/\/evc.extramilecommunications.dev\/?p=102789"},"modified":"2024-07-02T15:08:23","modified_gmt":"2024-07-02T14:08:23","slug":"ev-cargo-announces-new-global-cfo","status":"publish","type":"post","link":"https:\/\/www.evcargo.com\/de\/ev-cargo-announces-new-global-cfo\/","title":{"rendered":"EV Cargo gibt neuen globalen CFO bekannt"},"content":{"rendered":"<section  class=\"wysiwyg\">\n\n\t<div class=\"container-fluid\">\n\n\t<ul>\n<li>Chia Min Tan kommt als Global CFO zu EV Cargo<\/li>\n<li>Rolle ist verantwortlich f\u00fcr die weltweite Leitung aller Finanzfunktionen von EV Cargo<\/li>\n<li>Die Anmietung erfolgt, da EV Cargo das schnelle globale Wachstum fortsetzt<\/li>\n<\/ul>\n<p>EV Cargo, ein weltweit f\u00fchrendes Speditions-, Lieferketten- und Technologieunternehmen mit Hauptsitz in Hongkong, hat die Einstellung eines neuen globalen CFO bekannt gegeben. Frau Chia Min Tan wird in Hongkong arbeiten und f\u00fcr die weltweite Leitung aller Finanzfunktionen von EV Cargo verantwortlich sein.<\/p>\n<p>Frau Tan bringt einen reichen Erfahrungsschatz in diese neu geschaffene Position ein. Bevor sie zu EV Cargo kam, war Frau Tan Group CFO bei Fullerton Health, einem Gesundheitskonzern, der Gesundheitsmanagement und -versorgung in 10 M\u00e4rkten im asiatisch-pazifischen Raum anbietet. In dieser Funktion leitete sie die zentralen Finanzfunktionen des Konzerns und gab den Mitgliedern des Executive Management Teams und den L\u00e4nderleitern strategische Empfehlungen zu kommerziellen Erkenntnissen und langfristiger Gesch\u00e4fts- und Finanzplanung.<\/p>\n<p>Zuvor war Frau Tan von 2017 bis 2020 stellvertretende Gesch\u00e4ftsf\u00fchrerin der Goldman Sachs Asia Bank Limited. Von 2014 bis 2020 war sie Managing Director bei Goldman Sachs in Hongkong, nachdem sie 2007 als Executive Director in deren Finanzfunktion eingetreten war. Bevor sie zu Goldman Sachs kam, war Frau Tan von 2002 bis 2007 Vice President bei der JP Morgan Chase Bank in Hongkong und Singapur im Finance and Business Management Team innerhalb der Corporate and Investment Bank Division. Zuvor war sie als Managerin t\u00e4tig bei Arthur Andersen im Bereich Transaktionsberatung. Frau Tan hat einen Bachelor of Accountancy der Nanyang Technological University und ist Fellow Chartered Accountant of Singapore beim Institute of Singapore Chartered Accountants.<\/p>\n<p>EV Cargo, das Lieferketten f\u00fcr die weltweit f\u00fchrenden Marken verwaltet, strebt an, von seiner derzeitigen Basis von $1,4 Mrd. zu wachsen und bis 2025 durch organisches Wachstum und M&amp;A einen Umsatz von $3 Mrd. zu \u00fcbertreffen. Mit einer aktiven Pipeline von \u00dcbernahmekandidaten und gut entwickelten M&amp;A-Kapazit\u00e4ten plant EV Cargo, auf seiner starken bestehenden geografischen Pr\u00e4senz in Asien und Europa aufzubauen und in die USA zu expandieren. Angesichts der anhaltenden Chancen und Herausforderungen in globalen Lieferketten investiert EV Cargo weiterhin in den Aufbau eines globalen Teams, das auf Wachstum und Widerstandsf\u00e4higkeit ausgerichtet ist.<\/p>\n<p>Heath Zarin, Gr\u00fcnder und CEO von EV Cargo, sagte: \u201eIch freue mich sehr, dass Chia Min als Global CFO zu EV Cargo gekommen ist. Die neue Position wird entscheidend sein, um unsere ehrgeizigen globalen Wachstumspl\u00e4ne zu unterst\u00fctzen, und sie bringt enorme und \u00e4u\u00dferst leitende Erfahrung in die Position ein. Sie schlie\u00dft sich einer hervorragenden F\u00fchrungsgruppe an, die unsere n\u00e4chste Entwicklungsphase vorantreiben wird.\u201c<\/p>\n<p>Chia Min Tan, Global CFO von EV Cargo, f\u00fcgte hinzu: \u201eIch freue mich sehr, zu EV Cargo zu kommen, w\u00e4hrend das Unternehmen sein schnelles internationales Wachstum fortsetzt. Das Unternehmen hat sehr aufregende Pl\u00e4ne, an denen ich sehr gerne teilhaben m\u00f6chte, und spielt eine entscheidende Rolle bei der Ankurbelung der Weltwirtschaft, indem es technologiegest\u00fctzte Lieferkettendienstleistungen in einer Zeit dramatischer Ver\u00e4nderungen in der Branche bereitstellt.\u201c<\/p>\n\n\t<\/div>\n\n<\/section>","protected":false},"excerpt":{"rendered":"<p>EV Cargo, ein weltweit f\u00fchrendes Speditions-, Lieferketten- und Technologieunternehmen mit Hauptsitz in Hongkong, hat die Einstellung eines neuen globalen CFO bekannt gegeben. Frau Chia Min Tan wird in Hongkong arbeiten und f\u00fcr die weltweite Leitung aller Finanzfunktionen von EV Cargo verantwortlich sein.<\/p>","protected":false},"author":9,"featured_media":102790,"comment_status":"closed","ping_status":"open","sticky":false,"template":"","format":"standard","meta":{"_acf_changed":false,"footnotes":""},"categories":[29,57,28],"tags":[],"postlocation":[],"posttype":[],"postservice":[],"class_list":["post-102789","post","type-post","status-publish","format-standard","has-post-thumbnail","hentry","category-general","category-generallatest-news","category-latest-news"],"acf":[],"yoast_head":"<!-- This site is optimized with the Yoast SEO plugin v27.4 - https:\/\/yoast.com\/product\/yoast-seo-wordpress\/ -->\n<title>EV Cargo announces new Global CFO - EV Cargo<\/title>\n<meta name=\"robots\" content=\"index, follow, max-snippet:-1, max-image-preview:large, max-video-preview:-1\" \/>\n<link rel=\"canonical\" href=\"https:\/\/www.evcargo.com\/de\/ev-cargo-announces-new-global-cfo\/\" \/>\n<meta property=\"og:locale\" content=\"de_DE\" \/>\n<meta property=\"og:type\" content=\"article\" \/>\n<meta property=\"og:title\" content=\"EV Cargo announces new Global CFO - EV Cargo\" \/>\n<meta property=\"og:description\" content=\"Headquartered in Hong Kong, EV Cargo, a leading global freight forwarding, supply chain and technology company, has announced the hiring of a new Global CFO. Ms. Chia Min Tan will be based in Hong Kong and will be responsible for leading all EV Cargo finance functions on a global basis.\" \/>\n<meta property=\"og:url\" content=\"https:\/\/www.evcargo.com\/de\/ev-cargo-announces-new-global-cfo\/\" \/>\n<meta property=\"og:site_name\" content=\"EV Cargo\" \/>\n<meta property=\"article:published_time\" content=\"2021-11-25T12:14:25+00:00\" \/>\n<meta property=\"article:modified_time\" content=\"2024-07-02T14:08:23+00:00\" \/>\n<meta property=\"og:image\" content=\"https:\/\/www.evcargo.com\/wp-content\/uploads\/2021\/11\/Banners-7.png\" \/>\n\t<meta property=\"og:image:width\" content=\"1200\" \/>\n\t<meta property=\"og:image:height\" content=\"500\" \/>\n\t<meta property=\"og:image:type\" content=\"image\/png\" \/>\n<meta name=\"author\" content=\"shona\" \/>\n<meta name=\"twitter:card\" content=\"summary_large_image\" \/>\n<meta name=\"twitter:label1\" content=\"Verfasst von\" \/>\n\t<meta name=\"twitter:data1\" content=\"shona\" \/>\n<script type=\"application\/ld+json\" class=\"yoast-schema-graph\">{\"@context\":\"https:\\\/\\\/schema.org\",\"@graph\":[{\"@type\":\"Article\",\"@id\":\"https:\\\/\\\/www.evcargo.com\\\/en\\\/ev-cargo-announces-new-global-cfo\\\/#article\",\"isPartOf\":{\"@id\":\"https:\\\/\\\/www.evcargo.com\\\/en\\\/ev-cargo-announces-new-global-cfo\\\/\"},\"author\":{\"name\":\"shona\",\"@id\":\"https:\\\/\\\/www.evcargo.com\\\/de\\\/#\\\/schema\\\/person\\\/cb0e1deac80b9ec368b058f9e9b77e6d\"},\"headline\":\"EV Cargo announces new Global CFO\",\"datePublished\":\"2021-11-25T12:14:25+00:00\",\"dateModified\":\"2024-07-02T14:08:23+00:00\",\"mainEntityOfPage\":{\"@id\":\"https:\\\/\\\/www.evcargo.com\\\/en\\\/ev-cargo-announces-new-global-cfo\\\/\"},\"wordCount\":6,\"publisher\":{\"@id\":\"https:\\\/\\\/www.evcargo.com\\\/de\\\/#organization\"},\"image\":{\"@id\":\"https:\\\/\\\/www.evcargo.com\\\/en\\\/ev-cargo-announces-new-global-cfo\\\/#primaryimage\"},\"thumbnailUrl\":\"https:\\\/\\\/www.evcargo.com\\\/wp-content\\\/uploads\\\/2021\\\/11\\\/Banners-7.png\",\"articleSection\":[\"General\",\"General|Latest News\",\"Latest News\"],\"inLanguage\":\"de\"},{\"@type\":\"WebPage\",\"@id\":\"https:\\\/\\\/www.evcargo.com\\\/en\\\/ev-cargo-announces-new-global-cfo\\\/\",\"url\":\"https:\\\/\\\/www.evcargo.com\\\/en\\\/ev-cargo-announces-new-global-cfo\\\/\",\"name\":\"EV Cargo announces new Global CFO - EV Cargo\",\"isPartOf\":{\"@id\":\"https:\\\/\\\/www.evcargo.com\\\/de\\\/#website\"},\"primaryImageOfPage\":{\"@id\":\"https:\\\/\\\/www.evcargo.com\\\/en\\\/ev-cargo-announces-new-global-cfo\\\/#primaryimage\"},\"image\":{\"@id\":\"https:\\\/\\\/www.evcargo.com\\\/en\\\/ev-cargo-announces-new-global-cfo\\\/#primaryimage\"},\"thumbnailUrl\":\"https:\\\/\\\/www.evcargo.com\\\/wp-content\\\/uploads\\\/2021\\\/11\\\/Banners-7.png\",\"datePublished\":\"2021-11-25T12:14:25+00:00\",\"dateModified\":\"2024-07-02T14:08:23+00:00\",\"inLanguage\":\"de\",\"potentialAction\":[{\"@type\":\"ReadAction\",\"target\":[\"https:\\\/\\\/www.evcargo.com\\\/en\\\/ev-cargo-announces-new-global-cfo\\\/\"]}]},{\"@type\":\"ImageObject\",\"inLanguage\":\"de\",\"@id\":\"https:\\\/\\\/www.evcargo.com\\\/en\\\/ev-cargo-announces-new-global-cfo\\\/#primaryimage\",\"url\":\"https:\\\/\\\/www.evcargo.com\\\/wp-content\\\/uploads\\\/2021\\\/11\\\/Banners-7.png\",\"contentUrl\":\"https:\\\/\\\/www.evcargo.com\\\/wp-content\\\/uploads\\\/2021\\\/11\\\/Banners-7.png\",\"width\":1200,\"height\":500},{\"@type\":\"WebSite\",\"@id\":\"https:\\\/\\\/www.evcargo.com\\\/de\\\/#website\",\"url\":\"https:\\\/\\\/www.evcargo.com\\\/de\\\/\",\"name\":\"EV Cargo\",\"description\":\"\",\"publisher\":{\"@id\":\"https:\\\/\\\/www.evcargo.com\\\/de\\\/#organization\"},\"potentialAction\":[{\"@type\":\"SearchAction\",\"target\":{\"@type\":\"EntryPoint\",\"urlTemplate\":\"https:\\\/\\\/www.evcargo.com\\\/de\\\/?s={search_term_string}\"},\"query-input\":{\"@type\":\"PropertyValueSpecification\",\"valueRequired\":true,\"valueName\":\"search_term_string\"}}],\"inLanguage\":\"de\"},{\"@type\":\"Organization\",\"@id\":\"https:\\\/\\\/www.evcargo.com\\\/de\\\/#organization\",\"name\":\"EV Cargo\",\"alternateName\":\"EVC\",\"url\":\"https:\\\/\\\/www.evcargo.com\\\/de\\\/\",\"logo\":{\"@type\":\"ImageObject\",\"inLanguage\":\"de\",\"@id\":\"https:\\\/\\\/www.evcargo.com\\\/de\\\/#\\\/schema\\\/logo\\\/image\\\/\",\"url\":\"https:\\\/\\\/www.evcargo.com\\\/wp-content\\\/uploads\\\/2025\\\/02\\\/ev-cargo-logo.png\",\"contentUrl\":\"https:\\\/\\\/www.evcargo.com\\\/wp-content\\\/uploads\\\/2025\\\/02\\\/ev-cargo-logo.png\",\"width\":364,\"height\":78,\"caption\":\"EV Cargo\"},\"image\":{\"@id\":\"https:\\\/\\\/www.evcargo.com\\\/de\\\/#\\\/schema\\\/logo\\\/image\\\/\"}},{\"@type\":\"Person\",\"@id\":\"https:\\\/\\\/www.evcargo.com\\\/de\\\/#\\\/schema\\\/person\\\/cb0e1deac80b9ec368b058f9e9b77e6d\",\"name\":\"shona\",\"image\":{\"@type\":\"ImageObject\",\"inLanguage\":\"de\",\"@id\":\"https:\\\/\\\/secure.gravatar.com\\\/avatar\\\/756f72c890440fd1d188efdb640aa38ff9bae54afcbfde9221b357c60dfcc39f?s=96&d=mm&r=g\",\"url\":\"https:\\\/\\\/secure.gravatar.com\\\/avatar\\\/756f72c890440fd1d188efdb640aa38ff9bae54afcbfde9221b357c60dfcc39f?s=96&d=mm&r=g\",\"contentUrl\":\"https:\\\/\\\/secure.gravatar.com\\\/avatar\\\/756f72c890440fd1d188efdb640aa38ff9bae54afcbfde9221b357c60dfcc39f?s=96&d=mm&r=g\",\"caption\":\"shona\"}}]}<\/script>\n<!-- \/ Yoast SEO plugin. -->","yoast_head_json":{"title":"EV Cargo gibt neuen globalen CFO bekannt - EV Cargo","robots":{"index":"index","follow":"follow","max-snippet":"max-snippet:-1","max-image-preview":"max-image-preview:large","max-video-preview":"max-video-preview:-1"},"canonical":"https:\/\/www.evcargo.com\/de\/ev-cargo-announces-new-global-cfo\/","og_locale":"de_DE","og_type":"article","og_title":"EV Cargo announces new Global CFO - EV Cargo","og_description":"Headquartered in Hong Kong, EV Cargo, a leading global freight forwarding, supply chain and technology company, has announced the hiring of a new Global CFO. Ms. Chia Min Tan will be based in Hong Kong and will be responsible for leading all EV Cargo finance functions on a global basis.","og_url":"https:\/\/www.evcargo.com\/de\/ev-cargo-announces-new-global-cfo\/","og_site_name":"EV Cargo","article_published_time":"2021-11-25T12:14:25+00:00","article_modified_time":"2024-07-02T14:08:23+00:00","og_image":[{"width":1200,"height":500,"url":"https:\/\/www.evcargo.com\/wp-content\/uploads\/2021\/11\/Banners-7.png","type":"image\/png"}],"author":"shona","twitter_card":"summary_large_image","twitter_misc":{"Verfasst von":"shona"},"schema":{"@context":"https:\/\/schema.org","@graph":[{"@type":"Article","@id":"https:\/\/www.evcargo.com\/en\/ev-cargo-announces-new-global-cfo\/#article","isPartOf":{"@id":"https:\/\/www.evcargo.com\/en\/ev-cargo-announces-new-global-cfo\/"},"author":{"name":"shona","@id":"https:\/\/www.evcargo.com\/de\/#\/schema\/person\/cb0e1deac80b9ec368b058f9e9b77e6d"},"headline":"EV Cargo announces new Global CFO","datePublished":"2021-11-25T12:14:25+00:00","dateModified":"2024-07-02T14:08:23+00:00","mainEntityOfPage":{"@id":"https:\/\/www.evcargo.com\/en\/ev-cargo-announces-new-global-cfo\/"},"wordCount":6,"publisher":{"@id":"https:\/\/www.evcargo.com\/de\/#organization"},"image":{"@id":"https:\/\/www.evcargo.com\/en\/ev-cargo-announces-new-global-cfo\/#primaryimage"},"thumbnailUrl":"https:\/\/www.evcargo.com\/wp-content\/uploads\/2021\/11\/Banners-7.png","articleSection":["General","General|Latest News","Latest News"],"inLanguage":"de"},{"@type":"WebPage","@id":"https:\/\/www.evcargo.com\/en\/ev-cargo-announces-new-global-cfo\/","url":"https:\/\/www.evcargo.com\/en\/ev-cargo-announces-new-global-cfo\/","name":"EV Cargo gibt neuen globalen CFO bekannt - EV Cargo","isPartOf":{"@id":"https:\/\/www.evcargo.com\/de\/#website"},"primaryImageOfPage":{"@id":"https:\/\/www.evcargo.com\/en\/ev-cargo-announces-new-global-cfo\/#primaryimage"},"image":{"@id":"https:\/\/www.evcargo.com\/en\/ev-cargo-announces-new-global-cfo\/#primaryimage"},"thumbnailUrl":"https:\/\/www.evcargo.com\/wp-content\/uploads\/2021\/11\/Banners-7.png","datePublished":"2021-11-25T12:14:25+00:00","dateModified":"2024-07-02T14:08:23+00:00","inLanguage":"de","potentialAction":[{"@type":"ReadAction","target":["https:\/\/www.evcargo.com\/en\/ev-cargo-announces-new-global-cfo\/"]}]},{"@type":"ImageObject","inLanguage":"de","@id":"https:\/\/www.evcargo.com\/en\/ev-cargo-announces-new-global-cfo\/#primaryimage","url":"https:\/\/www.evcargo.com\/wp-content\/uploads\/2021\/11\/Banners-7.png","contentUrl":"https:\/\/www.evcargo.com\/wp-content\/uploads\/2021\/11\/Banners-7.png","width":1200,"height":500},{"@type":"WebSite","@id":"https:\/\/www.evcargo.com\/de\/#website","url":"https:\/\/www.evcargo.com\/de\/","name":"EV Cargo","description":"","publisher":{"@id":"https:\/\/www.evcargo.com\/de\/#organization"},"potentialAction":[{"@type":"SearchAction","target":{"@type":"EntryPoint","urlTemplate":"https:\/\/www.evcargo.com\/de\/?s={search_term_string}"},"query-input":{"@type":"PropertyValueSpecification","valueRequired":true,"valueName":"search_term_string"}}],"inLanguage":"de"},{"@type":"Organization","@id":"https:\/\/www.evcargo.com\/de\/#organization","name":"EV Cargo","alternateName":"EVC","url":"https:\/\/www.evcargo.com\/de\/","logo":{"@type":"ImageObject","inLanguage":"de","@id":"https:\/\/www.evcargo.com\/de\/#\/schema\/logo\/image\/","url":"https:\/\/www.evcargo.com\/wp-content\/uploads\/2025\/02\/ev-cargo-logo.png","contentUrl":"https:\/\/www.evcargo.com\/wp-content\/uploads\/2025\/02\/ev-cargo-logo.png","width":364,"height":78,"caption":"EV Cargo"},"image":{"@id":"https:\/\/www.evcargo.com\/de\/#\/schema\/logo\/image\/"}},{"@type":"Person","@id":"https:\/\/www.evcargo.com\/de\/#\/schema\/person\/cb0e1deac80b9ec368b058f9e9b77e6d","name":"Shona","image":{"@type":"ImageObject","inLanguage":"de","@id":"https:\/\/secure.gravatar.com\/avatar\/756f72c890440fd1d188efdb640aa38ff9bae54afcbfde9221b357c60dfcc39f?s=96&d=mm&r=g","url":"https:\/\/secure.gravatar.com\/avatar\/756f72c890440fd1d188efdb640aa38ff9bae54afcbfde9221b357c60dfcc39f?s=96&d=mm&r=g","contentUrl":"https:\/\/secure.gravatar.com\/avatar\/756f72c890440fd1d188efdb640aa38ff9bae54afcbfde9221b357c60dfcc39f?s=96&d=mm&r=g","caption":"shona"}}]}},"_links":{"self":[{"href":"https:\/\/www.evcargo.com\/de\/wp-json\/wp\/v2\/posts\/102789","targetHints":{"allow":["GET"]}}],"collection":[{"href":"https:\/\/www.evcargo.com\/de\/wp-json\/wp\/v2\/posts"}],"about":[{"href":"https:\/\/www.evcargo.com\/de\/wp-json\/wp\/v2\/types\/post"}],"author":[{"embeddable":true,"href":"https:\/\/www.evcargo.com\/de\/wp-json\/wp\/v2\/users\/9"}],"replies":[{"embeddable":true,"href":"https:\/\/www.evcargo.com\/de\/wp-json\/wp\/v2\/comments?post=102789"}],"version-history":[{"count":0,"href":"https:\/\/www.evcargo.com\/de\/wp-json\/wp\/v2\/posts\/102789\/revisions"}],"wp:featuredmedia":[{"embeddable":true,"href":"https:\/\/www.evcargo.com\/de\/wp-json\/wp\/v2\/media\/102790"}],"wp:attachment":[{"href":"https:\/\/www.evcargo.com\/de\/wp-json\/wp\/v2\/media?parent=102789"}],"wp:term":[{"taxonomy":"category","embeddable":true,"href":"https:\/\/www.evcargo.com\/de\/wp-json\/wp\/v2\/categories?post=102789"},{"taxonomy":"post_tag","embeddable":true,"href":"https:\/\/www.evcargo.com\/de\/wp-json\/wp\/v2\/tags?post=102789"},{"taxonomy":"postlocation","embeddable":true,"href":"https:\/\/www.evcargo.com\/de\/wp-json\/wp\/v2\/postlocation?post=102789"},{"taxonomy":"posttype","embeddable":true,"href":"https:\/\/www.evcargo.com\/de\/wp-json\/wp\/v2\/posttype?post=102789"},{"taxonomy":"postservice","embeddable":true,"href":"https:\/\/www.evcargo.com\/de\/wp-json\/wp\/v2\/postservice?post=102789"}],"curies":[{"name":"wp","href":"https:\/\/api.w.org\/{rel}","templated":true}]}}