{"id":312349,"date":"2026-04-10T16:25:26","date_gmt":"2026-04-10T15:25:26","guid":{"rendered":"https:\/\/www.evcargo.com\/?p=312349"},"modified":"2026-04-10T16:28:47","modified_gmt":"2026-04-10T15:28:47","slug":"10-04-26-statement-on-the-current-situation-in-the-middle-east","status":"publish","type":"post","link":"https:\/\/www.evcargo.com\/de\/10-04-26-statement-on-the-current-situation-in-the-middle-east\/","title":{"rendered":"Erkl\u00e4rung vom 10.04.26 zur aktuellen Lage im Nahen Osten"},"content":{"rendered":"<p>Wir beobachten die Lage im Nahen Osten nach der Anfang dieser Woche verk\u00fcndeten Waffenruhe weiterhin. Zwar haben die Angriffe auf die Golfstaaten deutlich abgenommen, doch die Situation bleibt unbest\u00e4ndig, und es herrscht weiterhin Unsicherheit dar\u00fcber, ob die Waffenruhe Bestand haben wird.<\/p>\n\n\n\n<p>Zum jetzigen Zeitpunkt gibt es keine best\u00e4tigten oder wesentlichen \u00c4nderungen in den globalen Luft- und Seefrachtnetzen. Luftraumbeschr\u00e4nkungen und Routenvorgaben bleiben bestehen, der Hafenbetrieb und die Schiffsrouten laufen wie bisher geplant weiter, und die Aussetzungen, schrittweisen Wiederaufnahmen und Kapazit\u00e4tsbeschr\u00e4nkungen der Reedereien bleiben unver\u00e4ndert. Zuschl\u00e4ge f\u00fcr Kriegsrisiken, Konflikte und Treibstoffkosten gelten weiterhin auf den betroffenen Handelsrouten.<\/p>\n\n\n\n<p>Fluggesellschaften, Reedereien, Hafenbeh\u00f6rden, Versicherer und Aufsichtsbeh\u00f6rden beobachten die Entwicklungen weiterhin aufmerksam und halten ihre Position aufrecht. Jegliche Lockerung der Beschr\u00e4nkungen h\u00e4ngt von anhaltender regionaler Stabilit\u00e4t, formellen Sicherheits- und Versicherungs\u00fcberpr\u00fcfungen sowie den Entscheidungen der einzelnen Fluggesellschaften hinsichtlich der Wiederherstellung ihres Streckennetzes und der Umstrukturierung ihrer Anlagen ab.<\/p>\n\n\n\n<p>Daher sollten Kunden weiterhin mit l\u00e4ngeren Lieferzeiten, anhaltenden Plan\u00e4nderungen, begrenzten Kapazit\u00e4ten, erh\u00f6hten Frachtkosten und m\u00f6glichen kurzfristigen Routen- oder Service\u00e4nderungen rechnen. Wir empfehlen unseren Kunden, eng mit unseren Teams zusammenzuarbeiten, um alle verf\u00fcgbaren Routen- und Serviceoptionen zu pr\u00fcfen und die Lieferkette so weit wie m\u00f6glich aufrechtzuerhalten.<\/p>\n\n\n\n<p>Wir m\u00f6chten unsere Kunden au\u00dferdem auf unseren Kurierdienst nach Gro\u00dfbritannien aus China, Fernost und dem indischen Subkontinent hinweisen. Dieser bietet weiterhin eine zuverl\u00e4ssige Alternative im aktuellen Marktumfeld mit typischen Laufzeiten von zwei bis vier Tagen. Der Service eignet sich ideal f\u00fcr Sendungen unter 200 kg, wir k\u00f6nnen aber bei Bedarf auch gr\u00f6\u00dfere Sendungen bef\u00f6rdern.<\/p>\n\n\n\n<p>Als globaler Speditions- und Logistikdienstleister stehen wir in engem Kontakt mit unseren Transportpartnern und regionalen Akteuren, um die Entwicklungen im Blick zu behalten und unsere Kunden in dieser Zeit der Unsicherheit zu unterst\u00fctzen. Die Sicherheit unserer Mitarbeiter, Partner und Stakeholder hat f\u00fcr uns h\u00f6chste Priorit\u00e4t. Wir werden Sie \u00fcber die weitere Entwicklung informieren.<\/p>\n\n\n\n<p>F\u00fcr weitere Informationen zu bestimmten Sendungen oder Handelsrouten wenden Sie sich bitte an Ihren \u00fcblichen Ansprechpartner im Unternehmen.<\/p>","protected":false},"excerpt":{"rendered":"<p>We continue to monitor the situation in the Middle East [&hellip;]<\/p>\n","protected":false},"author":9,"featured_media":304565,"comment_status":"closed","ping_status":"open","sticky":false,"template":"","format":"standard","meta":{"_acf_changed":false,"footnotes":""},"categories":[28,26],"tags":[],"postlocation":[],"posttype":[],"postservice":[],"class_list":["post-312349","post","type-post","status-publish","format-standard","has-post-thumbnail","hentry","category-latest-news","category-news"],"acf":[],"yoast_head":"<!-- This site is optimized with the Yoast SEO plugin v27.4 - https:\/\/yoast.com\/product\/yoast-seo-wordpress\/ -->\n<title>10\/04\/26 Statement on the Current Situation in the Middle East - EV Cargo<\/title>\n<meta name=\"robots\" content=\"index, follow, max-snippet:-1, max-image-preview:large, max-video-preview:-1\" \/>\n<link rel=\"canonical\" href=\"https:\/\/www.evcargo.com\/de\/10-04-26-statement-on-the-current-situation-in-the-middle-east\/\" \/>\n<meta property=\"og:locale\" content=\"de_DE\" \/>\n<meta property=\"og:type\" content=\"article\" \/>\n<meta property=\"og:title\" content=\"10\/04\/26 Statement on the Current Situation in the Middle East - EV Cargo\" \/>\n<meta property=\"og:description\" content=\"We continue to monitor the situation in the Middle East [&hellip;]\" \/>\n<meta property=\"og:url\" content=\"https:\/\/www.evcargo.com\/de\/10-04-26-statement-on-the-current-situation-in-the-middle-east\/\" \/>\n<meta property=\"og:site_name\" content=\"EV Cargo\" \/>\n<meta property=\"article:published_time\" content=\"2026-04-10T15:25:26+00:00\" \/>\n<meta property=\"article:modified_time\" content=\"2026-04-10T15:28:47+00:00\" \/>\n<meta property=\"og:image\" content=\"https:\/\/www.evcargo.com\/wp-content\/uploads\/2026\/03\/Web-Banners-11.png\" \/>\n\t<meta property=\"og:image:width\" content=\"1855\" \/>\n\t<meta property=\"og:image:height\" content=\"550\" \/>\n\t<meta property=\"og:image:type\" content=\"image\/png\" \/>\n<meta name=\"author\" content=\"shona\" \/>\n<meta name=\"twitter:card\" content=\"summary_large_image\" \/>\n<meta name=\"twitter:label1\" content=\"Verfasst von\" \/>\n\t<meta name=\"twitter:data1\" content=\"shona\" \/>\n\t<meta name=\"twitter:label2\" content=\"Gesch\u00e4tzte Lesezeit\" \/>\n\t<meta name=\"twitter:data2\" content=\"2\u00a0Minuten\" \/>\n<script type=\"application\/ld+json\" class=\"yoast-schema-graph\">{\"@context\":\"https:\\\/\\\/schema.org\",\"@graph\":[{\"@type\":\"Article\",\"@id\":\"https:\\\/\\\/www.evcargo.com\\\/10-04-26-statement-on-the-current-situation-in-the-middle-east\\\/#article\",\"isPartOf\":{\"@id\":\"https:\\\/\\\/www.evcargo.com\\\/10-04-26-statement-on-the-current-situation-in-the-middle-east\\\/\"},\"author\":{\"name\":\"shona\",\"@id\":\"https:\\\/\\\/www.evcargo.com\\\/de\\\/#\\\/schema\\\/person\\\/cb0e1deac80b9ec368b058f9e9b77e6d\"},\"headline\":\"10\\\/04\\\/26 Statement on the Current Situation in the Middle East\",\"datePublished\":\"2026-04-10T15:25:26+00:00\",\"dateModified\":\"2026-04-10T15:28:47+00:00\",\"mainEntityOfPage\":{\"@id\":\"https:\\\/\\\/www.evcargo.com\\\/10-04-26-statement-on-the-current-situation-in-the-middle-east\\\/\"},\"wordCount\":339,\"publisher\":{\"@id\":\"https:\\\/\\\/www.evcargo.com\\\/de\\\/#organization\"},\"image\":{\"@id\":\"https:\\\/\\\/www.evcargo.com\\\/10-04-26-statement-on-the-current-situation-in-the-middle-east\\\/#primaryimage\"},\"thumbnailUrl\":\"https:\\\/\\\/www.evcargo.com\\\/wp-content\\\/uploads\\\/2026\\\/03\\\/Web-Banners-11.png\",\"articleSection\":[\"Latest News\",\"News\"],\"inLanguage\":\"de\"},{\"@type\":\"WebPage\",\"@id\":\"https:\\\/\\\/www.evcargo.com\\\/10-04-26-statement-on-the-current-situation-in-the-middle-east\\\/\",\"url\":\"https:\\\/\\\/www.evcargo.com\\\/10-04-26-statement-on-the-current-situation-in-the-middle-east\\\/\",\"name\":\"10\\\/04\\\/26 Statement on the Current Situation in the Middle East - EV Cargo\",\"isPartOf\":{\"@id\":\"https:\\\/\\\/www.evcargo.com\\\/de\\\/#website\"},\"primaryImageOfPage\":{\"@id\":\"https:\\\/\\\/www.evcargo.com\\\/10-04-26-statement-on-the-current-situation-in-the-middle-east\\\/#primaryimage\"},\"image\":{\"@id\":\"https:\\\/\\\/www.evcargo.com\\\/10-04-26-statement-on-the-current-situation-in-the-middle-east\\\/#primaryimage\"},\"thumbnailUrl\":\"https:\\\/\\\/www.evcargo.com\\\/wp-content\\\/uploads\\\/2026\\\/03\\\/Web-Banners-11.png\",\"datePublished\":\"2026-04-10T15:25:26+00:00\",\"dateModified\":\"2026-04-10T15:28:47+00:00\",\"inLanguage\":\"de\",\"potentialAction\":[{\"@type\":\"ReadAction\",\"target\":[\"https:\\\/\\\/www.evcargo.com\\\/10-04-26-statement-on-the-current-situation-in-the-middle-east\\\/\"]}]},{\"@type\":\"ImageObject\",\"inLanguage\":\"de\",\"@id\":\"https:\\\/\\\/www.evcargo.com\\\/10-04-26-statement-on-the-current-situation-in-the-middle-east\\\/#primaryimage\",\"url\":\"https:\\\/\\\/www.evcargo.com\\\/wp-content\\\/uploads\\\/2026\\\/03\\\/Web-Banners-11.png\",\"contentUrl\":\"https:\\\/\\\/www.evcargo.com\\\/wp-content\\\/uploads\\\/2026\\\/03\\\/Web-Banners-11.png\",\"width\":1855,\"height\":550},{\"@type\":\"WebSite\",\"@id\":\"https:\\\/\\\/www.evcargo.com\\\/de\\\/#website\",\"url\":\"https:\\\/\\\/www.evcargo.com\\\/de\\\/\",\"name\":\"EV Cargo\",\"description\":\"\",\"publisher\":{\"@id\":\"https:\\\/\\\/www.evcargo.com\\\/de\\\/#organization\"},\"potentialAction\":[{\"@type\":\"SearchAction\",\"target\":{\"@type\":\"EntryPoint\",\"urlTemplate\":\"https:\\\/\\\/www.evcargo.com\\\/de\\\/?s={search_term_string}\"},\"query-input\":{\"@type\":\"PropertyValueSpecification\",\"valueRequired\":true,\"valueName\":\"search_term_string\"}}],\"inLanguage\":\"de\"},{\"@type\":\"Organization\",\"@id\":\"https:\\\/\\\/www.evcargo.com\\\/de\\\/#organization\",\"name\":\"EV Cargo\",\"alternateName\":\"EVC\",\"url\":\"https:\\\/\\\/www.evcargo.com\\\/de\\\/\",\"logo\":{\"@type\":\"ImageObject\",\"inLanguage\":\"de\",\"@id\":\"https:\\\/\\\/www.evcargo.com\\\/de\\\/#\\\/schema\\\/logo\\\/image\\\/\",\"url\":\"https:\\\/\\\/www.evcargo.com\\\/wp-content\\\/uploads\\\/2025\\\/02\\\/ev-cargo-logo.png\",\"contentUrl\":\"https:\\\/\\\/www.evcargo.com\\\/wp-content\\\/uploads\\\/2025\\\/02\\\/ev-cargo-logo.png\",\"width\":364,\"height\":78,\"caption\":\"EV Cargo\"},\"image\":{\"@id\":\"https:\\\/\\\/www.evcargo.com\\\/de\\\/#\\\/schema\\\/logo\\\/image\\\/\"}},{\"@type\":\"Person\",\"@id\":\"https:\\\/\\\/www.evcargo.com\\\/de\\\/#\\\/schema\\\/person\\\/cb0e1deac80b9ec368b058f9e9b77e6d\",\"name\":\"shona\",\"image\":{\"@type\":\"ImageObject\",\"inLanguage\":\"de\",\"@id\":\"https:\\\/\\\/secure.gravatar.com\\\/avatar\\\/756f72c890440fd1d188efdb640aa38ff9bae54afcbfde9221b357c60dfcc39f?s=96&d=mm&r=g\",\"url\":\"https:\\\/\\\/secure.gravatar.com\\\/avatar\\\/756f72c890440fd1d188efdb640aa38ff9bae54afcbfde9221b357c60dfcc39f?s=96&d=mm&r=g\",\"contentUrl\":\"https:\\\/\\\/secure.gravatar.com\\\/avatar\\\/756f72c890440fd1d188efdb640aa38ff9bae54afcbfde9221b357c60dfcc39f?s=96&d=mm&r=g\",\"caption\":\"shona\"}}]}<\/script>\n<!-- \/ Yoast SEO plugin. -->","yoast_head_json":{"title":"10\/04\/26 Statement on the Current Situation in the Middle East - EV Cargo","robots":{"index":"index","follow":"follow","max-snippet":"max-snippet:-1","max-image-preview":"max-image-preview:large","max-video-preview":"max-video-preview:-1"},"canonical":"https:\/\/www.evcargo.com\/de\/10-04-26-statement-on-the-current-situation-in-the-middle-east\/","og_locale":"de_DE","og_type":"article","og_title":"10\/04\/26 Statement on the Current Situation in the Middle East - EV Cargo","og_description":"We continue to monitor the situation in the Middle East [&hellip;]","og_url":"https:\/\/www.evcargo.com\/de\/10-04-26-statement-on-the-current-situation-in-the-middle-east\/","og_site_name":"EV Cargo","article_published_time":"2026-04-10T15:25:26+00:00","article_modified_time":"2026-04-10T15:28:47+00:00","og_image":[{"width":1855,"height":550,"url":"https:\/\/www.evcargo.com\/wp-content\/uploads\/2026\/03\/Web-Banners-11.png","type":"image\/png"}],"author":"shona","twitter_card":"summary_large_image","twitter_misc":{"Verfasst von":"shona","Gesch\u00e4tzte Lesezeit":"2\u00a0Minuten"},"schema":{"@context":"https:\/\/schema.org","@graph":[{"@type":"Article","@id":"https:\/\/www.evcargo.com\/10-04-26-statement-on-the-current-situation-in-the-middle-east\/#article","isPartOf":{"@id":"https:\/\/www.evcargo.com\/10-04-26-statement-on-the-current-situation-in-the-middle-east\/"},"author":{"name":"shona","@id":"https:\/\/www.evcargo.com\/de\/#\/schema\/person\/cb0e1deac80b9ec368b058f9e9b77e6d"},"headline":"10\/04\/26 Statement on the Current Situation in the Middle East","datePublished":"2026-04-10T15:25:26+00:00","dateModified":"2026-04-10T15:28:47+00:00","mainEntityOfPage":{"@id":"https:\/\/www.evcargo.com\/10-04-26-statement-on-the-current-situation-in-the-middle-east\/"},"wordCount":339,"publisher":{"@id":"https:\/\/www.evcargo.com\/de\/#organization"},"image":{"@id":"https:\/\/www.evcargo.com\/10-04-26-statement-on-the-current-situation-in-the-middle-east\/#primaryimage"},"thumbnailUrl":"https:\/\/www.evcargo.com\/wp-content\/uploads\/2026\/03\/Web-Banners-11.png","articleSection":["Latest News","News"],"inLanguage":"de"},{"@type":"WebPage","@id":"https:\/\/www.evcargo.com\/10-04-26-statement-on-the-current-situation-in-the-middle-east\/","url":"https:\/\/www.evcargo.com\/10-04-26-statement-on-the-current-situation-in-the-middle-east\/","name":"10\/04\/26 Statement on the Current Situation in the Middle East - EV Cargo","isPartOf":{"@id":"https:\/\/www.evcargo.com\/de\/#website"},"primaryImageOfPage":{"@id":"https:\/\/www.evcargo.com\/10-04-26-statement-on-the-current-situation-in-the-middle-east\/#primaryimage"},"image":{"@id":"https:\/\/www.evcargo.com\/10-04-26-statement-on-the-current-situation-in-the-middle-east\/#primaryimage"},"thumbnailUrl":"https:\/\/www.evcargo.com\/wp-content\/uploads\/2026\/03\/Web-Banners-11.png","datePublished":"2026-04-10T15:25:26+00:00","dateModified":"2026-04-10T15:28:47+00:00","inLanguage":"de","potentialAction":[{"@type":"ReadAction","target":["https:\/\/www.evcargo.com\/10-04-26-statement-on-the-current-situation-in-the-middle-east\/"]}]},{"@type":"ImageObject","inLanguage":"de","@id":"https:\/\/www.evcargo.com\/10-04-26-statement-on-the-current-situation-in-the-middle-east\/#primaryimage","url":"https:\/\/www.evcargo.com\/wp-content\/uploads\/2026\/03\/Web-Banners-11.png","contentUrl":"https:\/\/www.evcargo.com\/wp-content\/uploads\/2026\/03\/Web-Banners-11.png","width":1855,"height":550},{"@type":"WebSite","@id":"https:\/\/www.evcargo.com\/de\/#website","url":"https:\/\/www.evcargo.com\/de\/","name":"EV Cargo","description":"","publisher":{"@id":"https:\/\/www.evcargo.com\/de\/#organization"},"potentialAction":[{"@type":"SearchAction","target":{"@type":"EntryPoint","urlTemplate":"https:\/\/www.evcargo.com\/de\/?s={search_term_string}"},"query-input":{"@type":"PropertyValueSpecification","valueRequired":true,"valueName":"search_term_string"}}],"inLanguage":"de"},{"@type":"Organization","@id":"https:\/\/www.evcargo.com\/de\/#organization","name":"EV Cargo","alternateName":"EVC","url":"https:\/\/www.evcargo.com\/de\/","logo":{"@type":"ImageObject","inLanguage":"de","@id":"https:\/\/www.evcargo.com\/de\/#\/schema\/logo\/image\/","url":"https:\/\/www.evcargo.com\/wp-content\/uploads\/2025\/02\/ev-cargo-logo.png","contentUrl":"https:\/\/www.evcargo.com\/wp-content\/uploads\/2025\/02\/ev-cargo-logo.png","width":364,"height":78,"caption":"EV Cargo"},"image":{"@id":"https:\/\/www.evcargo.com\/de\/#\/schema\/logo\/image\/"}},{"@type":"Person","@id":"https:\/\/www.evcargo.com\/de\/#\/schema\/person\/cb0e1deac80b9ec368b058f9e9b77e6d","name":"Shona","image":{"@type":"ImageObject","inLanguage":"de","@id":"https:\/\/secure.gravatar.com\/avatar\/756f72c890440fd1d188efdb640aa38ff9bae54afcbfde9221b357c60dfcc39f?s=96&d=mm&r=g","url":"https:\/\/secure.gravatar.com\/avatar\/756f72c890440fd1d188efdb640aa38ff9bae54afcbfde9221b357c60dfcc39f?s=96&d=mm&r=g","contentUrl":"https:\/\/secure.gravatar.com\/avatar\/756f72c890440fd1d188efdb640aa38ff9bae54afcbfde9221b357c60dfcc39f?s=96&d=mm&r=g","caption":"shona"}}]}},"_links":{"self":[{"href":"https:\/\/www.evcargo.com\/de\/wp-json\/wp\/v2\/posts\/312349","targetHints":{"allow":["GET"]}}],"collection":[{"href":"https:\/\/www.evcargo.com\/de\/wp-json\/wp\/v2\/posts"}],"about":[{"href":"https:\/\/www.evcargo.com\/de\/wp-json\/wp\/v2\/types\/post"}],"author":[{"embeddable":true,"href":"https:\/\/www.evcargo.com\/de\/wp-json\/wp\/v2\/users\/9"}],"replies":[{"embeddable":true,"href":"https:\/\/www.evcargo.com\/de\/wp-json\/wp\/v2\/comments?post=312349"}],"version-history":[{"count":1,"href":"https:\/\/www.evcargo.com\/de\/wp-json\/wp\/v2\/posts\/312349\/revisions"}],"predecessor-version":[{"id":312350,"href":"https:\/\/www.evcargo.com\/de\/wp-json\/wp\/v2\/posts\/312349\/revisions\/312350"}],"wp:featuredmedia":[{"embeddable":true,"href":"https:\/\/www.evcargo.com\/de\/wp-json\/wp\/v2\/media\/304565"}],"wp:attachment":[{"href":"https:\/\/www.evcargo.com\/de\/wp-json\/wp\/v2\/media?parent=312349"}],"wp:term":[{"taxonomy":"category","embeddable":true,"href":"https:\/\/www.evcargo.com\/de\/wp-json\/wp\/v2\/categories?post=312349"},{"taxonomy":"post_tag","embeddable":true,"href":"https:\/\/www.evcargo.com\/de\/wp-json\/wp\/v2\/tags?post=312349"},{"taxonomy":"postlocation","embeddable":true,"href":"https:\/\/www.evcargo.com\/de\/wp-json\/wp\/v2\/postlocation?post=312349"},{"taxonomy":"posttype","embeddable":true,"href":"https:\/\/www.evcargo.com\/de\/wp-json\/wp\/v2\/posttype?post=312349"},{"taxonomy":"postservice","embeddable":true,"href":"https:\/\/www.evcargo.com\/de\/wp-json\/wp\/v2\/postservice?post=312349"}],"curies":[{"name":"wp","href":"https:\/\/api.w.org\/{rel}","templated":true}]}}