{"id":97991,"date":"2020-10-15T00:00:00","date_gmt":"2020-10-14T23:00:00","guid":{"rendered":"https:\/\/evc.extramilecommunications.dev\/ev-cargos-palletforce-adds-four-members-as-growth-continues\/"},"modified":"2024-07-02T15:10:30","modified_gmt":"2024-07-02T14:10:30","slug":"ev-cargos-palletforce-adds-four-members-as-growth-continues","status":"publish","type":"post","link":"https:\/\/www.evcargo.com\/de\/ev-cargos-palletforce-adds-four-members-as-growth-continues\/","title":{"rendered":"Palletforce von EV Cargo erweitert das Wachstum um vier Mitglieder"},"content":{"rendered":"<p>Durch anhaltendes Wachstum und Rekordmengen hat das EV Cargo-Unternehmen Palletforce sein wachsendes Netzwerk f\u00fchrender Spediteure um vier weitere Mitglieder erweitert.<\/p>\n<p>Lambert Brothers und Farsley Transport werden die Abdeckung von Palletforce in Hampshire bzw. West Yorkshire weiter st\u00e4rken, indem sie zus\u00e4tzliche Kapazit\u00e4ten f\u00fcr weiteres Wachstum bereitstellen und einen verbesserten Kundenservice bieten.<\/p>\n<p>Dar\u00fcber hinaus wird REL Storage &amp; Logistics PE-Postleitzahlen zwischen Peterborough und Cambridge abwickeln, w\u00e4hrend Speed Welshpool die LD-Region in Mittelwales \u00fcbernimmt.<\/p>\n<p>Gegr\u00fcndet 1960 und seit 1972 in Eastleigh ans\u00e4ssig, wird Lambert Brothers Postleitzahlen in Southampton und Salisbury abdecken. Mit einer 80-k\u00f6pfigen Flotte und mehr als 87.000 m\u00b2 Lagerfl\u00e4che wird das Unternehmen \u2013 ehemals ein langj\u00e4hriges Mitglied von Palletline \u2013 auch das siebte Mitglied der Kinaxia Logistics-Gruppe, das dem branchenf\u00fchrenden Palletforce-Netzwerk beitritt.<\/p>\n<p>\u201eWir sind zu Palletforce gewechselt, um Chancen zu entwickeln und das langfristige Netzwerkvolumen in unserer Region zu steigern\u201c, erkl\u00e4rt Gesch\u00e4ftsf\u00fchrer Eddie Elmslie.<\/p>\n<p>\u201eDas einzelne Palletforce-Hub-Modell ist attraktiv, da es uns erm\u00f6glicht, die Effizienz zu steigern und die B\u00fcndelstrecken zu reduzieren. Bis jetzt haben wir fantastischen und proaktiven Support von Palletforce erhalten und erfahren, dass das Support-Team der Mitglieder wirklich bereit ist, uns bei der Entwicklung des Gesch\u00e4fts f\u00fcr unseren gesamten Kundenstamm zu unterst\u00fctzen.\u201c<\/p>\n<p>Farsley Transport mit Sitz in Leeds begann 1994 als Ein-Mann-Einzeltransporter-Vertriebsunternehmen. Der Gesch\u00e4ftsf\u00fchrer Neil Chappelow beaufsichtigt heute eine Flotte von 65 Fahrzeugen und fast 100 Mitarbeiter. Das Unternehmen ist seit August vor\u00fcbergehend Mitglied von Palletforce 2019 und wurde als Vollmitglied aufgenommen, um die LS-Postleitzahlen abzudecken.<\/p>\n<p>Neil sagt: \u201eWir haben eine ausgezeichnete Zusammenarbeit mit dem Palletforce-Team aufgebaut, und in Bezug auf Investitionen, Technologie und Infrastruktur ist das Netzwerk un\u00fcbertroffen. Wir freuen uns darauf, unser bestehendes Gesch\u00e4ft auszubauen, indem wir die M\u00f6glichkeiten nutzen, die Palletforce bietet.\u201c<\/p>\n<p>Adam Leonard, Palletforce Member Relations Director, sagte: \u201eWir ernten weiterhin die Fr\u00fcchte der laufenden Investitionen im gesamten Netzwerk und das anhaltende Wachstum hat es Palletforce erm\u00f6glicht, vier hochwertige Mitglieder hinzuzuf\u00fcgen. Sie alle verf\u00fcgen \u00fcber eine nachgewiesene Erfolgsbilanz in Bezug auf Service und operative Exzellenz und wir freuen uns, sie an Bord zu haben.<\/p>\n<p>\u201eDa das Volumen weiter w\u00e4chst, werden sie unseren Inlandsdienst noch weiter verbessern, eine branchenf\u00fchrende Abdeckung bieten und zus\u00e4tzliche Kapazit\u00e4ten f\u00fcr ein stabiles Netzwachstum schaffen.\u201c<\/p>","protected":false},"excerpt":{"rendered":"<p>Sustained growth and record volumes have seen EV Cargo company [&hellip;]<\/p>\n","protected":false},"author":5,"featured_media":97992,"comment_status":"closed","ping_status":"open","sticky":false,"template":"","format":"standard","meta":{"_acf_changed":false,"footnotes":""},"categories":[30,29,28],"tags":[],"postlocation":[],"posttype":[],"postservice":[],"class_list":["post-97991","post","type-post","status-publish","format-standard","has-post-thumbnail","hentry","category-business-news","category-general","category-latest-news"],"acf":[],"yoast_head":"<!-- This site is optimized with the Yoast SEO plugin v27.4 - https:\/\/yoast.com\/product\/yoast-seo-wordpress\/ -->\n<title>EV Cargo&#039;s Palletforce Adds Four Members As Growth Continues - EV Cargo<\/title>\n<meta name=\"robots\" content=\"index, follow, max-snippet:-1, max-image-preview:large, max-video-preview:-1\" \/>\n<link rel=\"canonical\" href=\"https:\/\/www.evcargo.com\/de\/ev-cargos-palletforce-adds-four-members-as-growth-continues\/\" \/>\n<meta property=\"og:locale\" content=\"de_DE\" \/>\n<meta property=\"og:type\" content=\"article\" \/>\n<meta property=\"og:title\" content=\"EV Cargo&#039;s Palletforce Adds Four Members As Growth Continues - EV Cargo\" \/>\n<meta property=\"og:description\" content=\"Sustained growth and record volumes have seen EV Cargo company [&hellip;]\" \/>\n<meta property=\"og:url\" content=\"https:\/\/www.evcargo.com\/de\/ev-cargos-palletforce-adds-four-members-as-growth-continues\/\" \/>\n<meta property=\"og:site_name\" content=\"EV Cargo\" \/>\n<meta property=\"article:published_time\" content=\"2020-10-14T23:00:00+00:00\" \/>\n<meta property=\"article:modified_time\" content=\"2024-07-02T14:10:30+00:00\" \/>\n<meta property=\"og:image\" content=\"https:\/\/www.evcargo.com\/wp-content\/uploads\/2021\/07\/Lambert-Bros-scaled.jpg\" \/>\n\t<meta property=\"og:image:width\" content=\"2560\" \/>\n\t<meta property=\"og:image:height\" content=\"1710\" \/>\n\t<meta property=\"og:image:type\" content=\"image\/jpeg\" \/>\n<meta name=\"author\" content=\"Extramile\" \/>\n<meta name=\"twitter:card\" content=\"summary_large_image\" \/>\n<meta name=\"twitter:label1\" content=\"Verfasst von\" \/>\n\t<meta name=\"twitter:data1\" content=\"Extramile\" \/>\n\t<meta name=\"twitter:label2\" content=\"Gesch\u00e4tzte Lesezeit\" \/>\n\t<meta name=\"twitter:data2\" content=\"2\u00a0Minuten\" \/>\n<script type=\"application\/ld+json\" class=\"yoast-schema-graph\">{\"@context\":\"https:\\\/\\\/schema.org\",\"@graph\":[{\"@type\":\"Article\",\"@id\":\"https:\\\/\\\/www.evcargo.com\\\/en\\\/ev-cargos-palletforce-adds-four-members-as-growth-continues\\\/#article\",\"isPartOf\":{\"@id\":\"https:\\\/\\\/www.evcargo.com\\\/en\\\/ev-cargos-palletforce-adds-four-members-as-growth-continues\\\/\"},\"author\":{\"name\":\"Extramile\",\"@id\":\"https:\\\/\\\/www.evcargo.com\\\/de\\\/#\\\/schema\\\/person\\\/573a241aeca1b761eca1a71200f127c0\"},\"headline\":\"EV Cargo&#8217;s Palletforce Adds Four Members As Growth Continues\",\"datePublished\":\"2020-10-14T23:00:00+00:00\",\"dateModified\":\"2024-07-02T14:10:30+00:00\",\"mainEntityOfPage\":{\"@id\":\"https:\\\/\\\/www.evcargo.com\\\/en\\\/ev-cargos-palletforce-adds-four-members-as-growth-continues\\\/\"},\"wordCount\":375,\"publisher\":{\"@id\":\"https:\\\/\\\/www.evcargo.com\\\/de\\\/#organization\"},\"image\":{\"@id\":\"https:\\\/\\\/www.evcargo.com\\\/en\\\/ev-cargos-palletforce-adds-four-members-as-growth-continues\\\/#primaryimage\"},\"thumbnailUrl\":\"https:\\\/\\\/www.evcargo.com\\\/wp-content\\\/uploads\\\/2021\\\/07\\\/Lambert-Bros-scaled.jpg\",\"articleSection\":[\"Business News\",\"General\",\"Latest News\"],\"inLanguage\":\"de\"},{\"@type\":\"WebPage\",\"@id\":\"https:\\\/\\\/www.evcargo.com\\\/en\\\/ev-cargos-palletforce-adds-four-members-as-growth-continues\\\/\",\"url\":\"https:\\\/\\\/www.evcargo.com\\\/en\\\/ev-cargos-palletforce-adds-four-members-as-growth-continues\\\/\",\"name\":\"EV Cargo's Palletforce Adds Four Members As Growth Continues - EV Cargo\",\"isPartOf\":{\"@id\":\"https:\\\/\\\/www.evcargo.com\\\/de\\\/#website\"},\"primaryImageOfPage\":{\"@id\":\"https:\\\/\\\/www.evcargo.com\\\/en\\\/ev-cargos-palletforce-adds-four-members-as-growth-continues\\\/#primaryimage\"},\"image\":{\"@id\":\"https:\\\/\\\/www.evcargo.com\\\/en\\\/ev-cargos-palletforce-adds-four-members-as-growth-continues\\\/#primaryimage\"},\"thumbnailUrl\":\"https:\\\/\\\/www.evcargo.com\\\/wp-content\\\/uploads\\\/2021\\\/07\\\/Lambert-Bros-scaled.jpg\",\"datePublished\":\"2020-10-14T23:00:00+00:00\",\"dateModified\":\"2024-07-02T14:10:30+00:00\",\"inLanguage\":\"de\",\"potentialAction\":[{\"@type\":\"ReadAction\",\"target\":[\"https:\\\/\\\/www.evcargo.com\\\/en\\\/ev-cargos-palletforce-adds-four-members-as-growth-continues\\\/\"]}]},{\"@type\":\"ImageObject\",\"inLanguage\":\"de\",\"@id\":\"https:\\\/\\\/www.evcargo.com\\\/en\\\/ev-cargos-palletforce-adds-four-members-as-growth-continues\\\/#primaryimage\",\"url\":\"https:\\\/\\\/www.evcargo.com\\\/wp-content\\\/uploads\\\/2021\\\/07\\\/Lambert-Bros-scaled.jpg\",\"contentUrl\":\"https:\\\/\\\/www.evcargo.com\\\/wp-content\\\/uploads\\\/2021\\\/07\\\/Lambert-Bros-scaled.jpg\",\"width\":2560,\"height\":1710},{\"@type\":\"WebSite\",\"@id\":\"https:\\\/\\\/www.evcargo.com\\\/de\\\/#website\",\"url\":\"https:\\\/\\\/www.evcargo.com\\\/de\\\/\",\"name\":\"EV Cargo\",\"description\":\"\",\"publisher\":{\"@id\":\"https:\\\/\\\/www.evcargo.com\\\/de\\\/#organization\"},\"potentialAction\":[{\"@type\":\"SearchAction\",\"target\":{\"@type\":\"EntryPoint\",\"urlTemplate\":\"https:\\\/\\\/www.evcargo.com\\\/de\\\/?s={search_term_string}\"},\"query-input\":{\"@type\":\"PropertyValueSpecification\",\"valueRequired\":true,\"valueName\":\"search_term_string\"}}],\"inLanguage\":\"de\"},{\"@type\":\"Organization\",\"@id\":\"https:\\\/\\\/www.evcargo.com\\\/de\\\/#organization\",\"name\":\"EV Cargo\",\"alternateName\":\"EVC\",\"url\":\"https:\\\/\\\/www.evcargo.com\\\/de\\\/\",\"logo\":{\"@type\":\"ImageObject\",\"inLanguage\":\"de\",\"@id\":\"https:\\\/\\\/www.evcargo.com\\\/de\\\/#\\\/schema\\\/logo\\\/image\\\/\",\"url\":\"https:\\\/\\\/www.evcargo.com\\\/wp-content\\\/uploads\\\/2025\\\/02\\\/ev-cargo-logo.png\",\"contentUrl\":\"https:\\\/\\\/www.evcargo.com\\\/wp-content\\\/uploads\\\/2025\\\/02\\\/ev-cargo-logo.png\",\"width\":364,\"height\":78,\"caption\":\"EV Cargo\"},\"image\":{\"@id\":\"https:\\\/\\\/www.evcargo.com\\\/de\\\/#\\\/schema\\\/logo\\\/image\\\/\"}},{\"@type\":\"Person\",\"@id\":\"https:\\\/\\\/www.evcargo.com\\\/de\\\/#\\\/schema\\\/person\\\/573a241aeca1b761eca1a71200f127c0\",\"name\":\"Extramile\",\"image\":{\"@type\":\"ImageObject\",\"inLanguage\":\"de\",\"@id\":\"https:\\\/\\\/secure.gravatar.com\\\/avatar\\\/4d168442295cd39d9d3845fd5f8676a34f8965750d91cfb9246fdbef454cb018?s=96&d=mm&r=g\",\"url\":\"https:\\\/\\\/secure.gravatar.com\\\/avatar\\\/4d168442295cd39d9d3845fd5f8676a34f8965750d91cfb9246fdbef454cb018?s=96&d=mm&r=g\",\"contentUrl\":\"https:\\\/\\\/secure.gravatar.com\\\/avatar\\\/4d168442295cd39d9d3845fd5f8676a34f8965750d91cfb9246fdbef454cb018?s=96&d=mm&r=g\",\"caption\":\"Extramile\"}}]}<\/script>\n<!-- \/ Yoast SEO plugin. -->","yoast_head_json":{"title":"Palletforce von EV Cargo erweitert sein Angebot um vier neue Mitglieder \u2013 EV Cargo","robots":{"index":"index","follow":"follow","max-snippet":"max-snippet:-1","max-image-preview":"max-image-preview:large","max-video-preview":"max-video-preview:-1"},"canonical":"https:\/\/www.evcargo.com\/de\/ev-cargos-palletforce-adds-four-members-as-growth-continues\/","og_locale":"de_DE","og_type":"article","og_title":"EV Cargo's Palletforce Adds Four Members As Growth Continues - EV Cargo","og_description":"Sustained growth and record volumes have seen EV Cargo company [&hellip;]","og_url":"https:\/\/www.evcargo.com\/de\/ev-cargos-palletforce-adds-four-members-as-growth-continues\/","og_site_name":"EV Cargo","article_published_time":"2020-10-14T23:00:00+00:00","article_modified_time":"2024-07-02T14:10:30+00:00","og_image":[{"width":2560,"height":1710,"url":"https:\/\/www.evcargo.com\/wp-content\/uploads\/2021\/07\/Lambert-Bros-scaled.jpg","type":"image\/jpeg"}],"author":"Extramile","twitter_card":"summary_large_image","twitter_misc":{"Verfasst von":"Extramile","Gesch\u00e4tzte Lesezeit":"2\u00a0Minuten"},"schema":{"@context":"https:\/\/schema.org","@graph":[{"@type":"Article","@id":"https:\/\/www.evcargo.com\/en\/ev-cargos-palletforce-adds-four-members-as-growth-continues\/#article","isPartOf":{"@id":"https:\/\/www.evcargo.com\/en\/ev-cargos-palletforce-adds-four-members-as-growth-continues\/"},"author":{"name":"Extramile","@id":"https:\/\/www.evcargo.com\/de\/#\/schema\/person\/573a241aeca1b761eca1a71200f127c0"},"headline":"EV Cargo&#8217;s Palletforce Adds Four Members As Growth Continues","datePublished":"2020-10-14T23:00:00+00:00","dateModified":"2024-07-02T14:10:30+00:00","mainEntityOfPage":{"@id":"https:\/\/www.evcargo.com\/en\/ev-cargos-palletforce-adds-four-members-as-growth-continues\/"},"wordCount":375,"publisher":{"@id":"https:\/\/www.evcargo.com\/de\/#organization"},"image":{"@id":"https:\/\/www.evcargo.com\/en\/ev-cargos-palletforce-adds-four-members-as-growth-continues\/#primaryimage"},"thumbnailUrl":"https:\/\/www.evcargo.com\/wp-content\/uploads\/2021\/07\/Lambert-Bros-scaled.jpg","articleSection":["Business News","General","Latest News"],"inLanguage":"de"},{"@type":"WebPage","@id":"https:\/\/www.evcargo.com\/en\/ev-cargos-palletforce-adds-four-members-as-growth-continues\/","url":"https:\/\/www.evcargo.com\/en\/ev-cargos-palletforce-adds-four-members-as-growth-continues\/","name":"Palletforce von EV Cargo erweitert sein Angebot um vier neue Mitglieder \u2013 EV Cargo","isPartOf":{"@id":"https:\/\/www.evcargo.com\/de\/#website"},"primaryImageOfPage":{"@id":"https:\/\/www.evcargo.com\/en\/ev-cargos-palletforce-adds-four-members-as-growth-continues\/#primaryimage"},"image":{"@id":"https:\/\/www.evcargo.com\/en\/ev-cargos-palletforce-adds-four-members-as-growth-continues\/#primaryimage"},"thumbnailUrl":"https:\/\/www.evcargo.com\/wp-content\/uploads\/2021\/07\/Lambert-Bros-scaled.jpg","datePublished":"2020-10-14T23:00:00+00:00","dateModified":"2024-07-02T14:10:30+00:00","inLanguage":"de","potentialAction":[{"@type":"ReadAction","target":["https:\/\/www.evcargo.com\/en\/ev-cargos-palletforce-adds-four-members-as-growth-continues\/"]}]},{"@type":"ImageObject","inLanguage":"de","@id":"https:\/\/www.evcargo.com\/en\/ev-cargos-palletforce-adds-four-members-as-growth-continues\/#primaryimage","url":"https:\/\/www.evcargo.com\/wp-content\/uploads\/2021\/07\/Lambert-Bros-scaled.jpg","contentUrl":"https:\/\/www.evcargo.com\/wp-content\/uploads\/2021\/07\/Lambert-Bros-scaled.jpg","width":2560,"height":1710},{"@type":"WebSite","@id":"https:\/\/www.evcargo.com\/de\/#website","url":"https:\/\/www.evcargo.com\/de\/","name":"EV Cargo","description":"","publisher":{"@id":"https:\/\/www.evcargo.com\/de\/#organization"},"potentialAction":[{"@type":"SearchAction","target":{"@type":"EntryPoint","urlTemplate":"https:\/\/www.evcargo.com\/de\/?s={search_term_string}"},"query-input":{"@type":"PropertyValueSpecification","valueRequired":true,"valueName":"search_term_string"}}],"inLanguage":"de"},{"@type":"Organization","@id":"https:\/\/www.evcargo.com\/de\/#organization","name":"EV Cargo","alternateName":"EVC","url":"https:\/\/www.evcargo.com\/de\/","logo":{"@type":"ImageObject","inLanguage":"de","@id":"https:\/\/www.evcargo.com\/de\/#\/schema\/logo\/image\/","url":"https:\/\/www.evcargo.com\/wp-content\/uploads\/2025\/02\/ev-cargo-logo.png","contentUrl":"https:\/\/www.evcargo.com\/wp-content\/uploads\/2025\/02\/ev-cargo-logo.png","width":364,"height":78,"caption":"EV Cargo"},"image":{"@id":"https:\/\/www.evcargo.com\/de\/#\/schema\/logo\/image\/"}},{"@type":"Person","@id":"https:\/\/www.evcargo.com\/de\/#\/schema\/person\/573a241aeca1b761eca1a71200f127c0","name":"Extrameile","image":{"@type":"ImageObject","inLanguage":"de","@id":"https:\/\/secure.gravatar.com\/avatar\/4d168442295cd39d9d3845fd5f8676a34f8965750d91cfb9246fdbef454cb018?s=96&d=mm&r=g","url":"https:\/\/secure.gravatar.com\/avatar\/4d168442295cd39d9d3845fd5f8676a34f8965750d91cfb9246fdbef454cb018?s=96&d=mm&r=g","contentUrl":"https:\/\/secure.gravatar.com\/avatar\/4d168442295cd39d9d3845fd5f8676a34f8965750d91cfb9246fdbef454cb018?s=96&d=mm&r=g","caption":"Extramile"}}]}},"_links":{"self":[{"href":"https:\/\/www.evcargo.com\/de\/wp-json\/wp\/v2\/posts\/97991","targetHints":{"allow":["GET"]}}],"collection":[{"href":"https:\/\/www.evcargo.com\/de\/wp-json\/wp\/v2\/posts"}],"about":[{"href":"https:\/\/www.evcargo.com\/de\/wp-json\/wp\/v2\/types\/post"}],"author":[{"embeddable":true,"href":"https:\/\/www.evcargo.com\/de\/wp-json\/wp\/v2\/users\/5"}],"replies":[{"embeddable":true,"href":"https:\/\/www.evcargo.com\/de\/wp-json\/wp\/v2\/comments?post=97991"}],"version-history":[{"count":0,"href":"https:\/\/www.evcargo.com\/de\/wp-json\/wp\/v2\/posts\/97991\/revisions"}],"wp:featuredmedia":[{"embeddable":true,"href":"https:\/\/www.evcargo.com\/de\/wp-json\/wp\/v2\/media\/97992"}],"wp:attachment":[{"href":"https:\/\/www.evcargo.com\/de\/wp-json\/wp\/v2\/media?parent=97991"}],"wp:term":[{"taxonomy":"category","embeddable":true,"href":"https:\/\/www.evcargo.com\/de\/wp-json\/wp\/v2\/categories?post=97991"},{"taxonomy":"post_tag","embeddable":true,"href":"https:\/\/www.evcargo.com\/de\/wp-json\/wp\/v2\/tags?post=97991"},{"taxonomy":"postlocation","embeddable":true,"href":"https:\/\/www.evcargo.com\/de\/wp-json\/wp\/v2\/postlocation?post=97991"},{"taxonomy":"posttype","embeddable":true,"href":"https:\/\/www.evcargo.com\/de\/wp-json\/wp\/v2\/posttype?post=97991"},{"taxonomy":"postservice","embeddable":true,"href":"https:\/\/www.evcargo.com\/de\/wp-json\/wp\/v2\/postservice?post=97991"}],"curies":[{"name":"wp","href":"https:\/\/api.w.org\/{rel}","templated":true}]}}