{"id":312349,"date":"2026-04-10T16:25:26","date_gmt":"2026-04-10T15:25:26","guid":{"rendered":"https:\/\/www.evcargo.com\/?p=312349"},"modified":"2026-04-10T16:28:47","modified_gmt":"2026-04-10T15:28:47","slug":"10-04-26-statement-on-the-current-situation-in-the-middle-east","status":"publish","type":"post","link":"https:\/\/www.evcargo.com\/pl\/10-04-26-statement-on-the-current-situation-in-the-middle-east\/","title":{"rendered":"10.04.2026 O\u015bwiadczenie w sprawie bie\u017c\u0105cej sytuacji na Bliskim Wschodzie"},"content":{"rendered":"<p>Nadal monitorujemy sytuacj\u0119 na Bliskim Wschodzie po og\u0142oszeniu zawieszenia broni na pocz\u0105tku tego tygodnia. Chocia\u017c ataki na pa\u0144stwa Zatoki Perskiej znacznie zmala\u0142y, sytuacja pozostaje dynamiczna i panuje niepewno\u015b\u0107 co do utrzymania zawieszenia broni.<\/p>\n\n\n\n<p>Na tym etapie nie odnotowano \u017cadnych potwierdzonych ani istotnych zmian w globalnych sieciach transportu lotniczego i morskiego. Ograniczenia w przestrzeni powietrznej i trasy pozostaj\u0105 w mocy, operacje portowe i trasy statk\u00f3w s\u0105 kontynuowane zgodnie z wcze\u015bniejszymi zaleceniami, a zawieszenia, stopniowe wznawianie dzia\u0142alno\u015bci przewo\u017anik\u00f3w oraz ograniczenia przepustowo\u015bci pozostaj\u0105 bez zmian. Na dotkni\u0119tych szlakach handlowych nadal obowi\u0105zuj\u0105 r\u00f3wnie\u017c dop\u0142aty zwi\u0105zane z ryzykiem wojennym, konfliktami i paliwem.<\/p>\n\n\n\n<p>Linie lotnicze, przewo\u017anicy morscy, w\u0142adze port\u00f3w, ubezpieczyciele i organy regulacyjne pozostaj\u0105 w gotowo\u015bci, uwa\u017cnie monitoruj\u0105c rozw\u00f3j sytuacji. Ewentualne z\u0142agodzenie ogranicze\u0144 b\u0119dzie zale\u017ca\u0142o od utrzymania stabilno\u015bci regionalnej, formalnych ponownych ocen bezpiecze\u0144stwa i ubezpiecze\u0144 oraz decyzji poszczeg\u00f3lnych przewo\u017anik\u00f3w dotycz\u0105cych przywr\u00f3cenia sieci i relokacji aktyw\u00f3w.<\/p>\n\n\n\n<p>W zwi\u0105zku z tym klienci powinni nadal planowa\u0107 wyd\u0142u\u017cone terminy realizacji zam\u00f3wie\u0144, ci\u0105g\u0142\u0105 zmienno\u015b\u0107 harmonogramu, ograniczone mo\u017cliwo\u015bci przewozowe, wysokie stawki frachtowe oraz mo\u017cliwo\u015b\u0107 wyst\u0105pienia zmian tras lub us\u0142ug w kr\u00f3tkim terminie. Zach\u0119camy klient\u00f3w do \u015bcis\u0142ej wsp\u00f3\u0142pracy z naszymi zespo\u0142ami w celu przeanalizowania wszystkich dost\u0119pnych opcji tras i us\u0142ug, aby utrzyma\u0107 ci\u0105g\u0142o\u015b\u0107 \u0142a\u0144cucha dostaw, gdziekolwiek to mo\u017cliwe.<\/p>\n\n\n\n<p>Chcieliby\u015bmy r\u00f3wnie\u017c przypomnie\u0107 klientom o naszej us\u0142udze kurierskiej do Wielkiej Brytanii z Chin, Dalekiego Wschodu i subkontynentu indyjskiego, kt\u00f3ra nadal stanowi niezawodn\u0105 alternatyw\u0119 na obecnym rynku, z typowym czasem transportu od dw\u00f3ch do czterech dni. Us\u0142uga ta idealnie nadaje si\u0119 do przesy\u0142ek o wadze poni\u017cej 200 kg, cho\u0107 w razie potrzeby jeste\u015bmy w stanie obs\u0142u\u017cy\u0107 wi\u0119ksze przesy\u0142ki.<\/p>\n\n\n\n<p>Jako globalny dostawca us\u0142ug spedycyjnych i logistycznych, pozostajemy w bliskim kontakcie z naszymi partnerami-przewo\u017anikami i regionalnymi interesariuszami, aby by\u0107 na bie\u017c\u0105co z rozwojem sytuacji i wspiera\u0107 naszych klient\u00f3w w tym okresie niepewno\u015bci. Bezpiecze\u0144stwo naszych pracownik\u00f3w, partner\u00f3w i interesariuszy pozostaje naszym najwy\u017cszym priorytetem. B\u0119dziemy na bie\u017c\u0105co informowa\u0107 o rozwoju sytuacji.<\/p>\n\n\n\n<p>Aby uzyska\u0107 wi\u0119cej informacji na temat konkretnych przesy\u0142ek lub szlak\u00f3w handlowych, prosimy o kontakt z przedstawicielem swojej firmy.<\/p>","protected":false},"excerpt":{"rendered":"<p>We continue to monitor the situation in the Middle East [&hellip;]<\/p>\n","protected":false},"author":9,"featured_media":304565,"comment_status":"closed","ping_status":"open","sticky":false,"template":"","format":"standard","meta":{"_acf_changed":false,"footnotes":""},"categories":[28,26],"tags":[],"postlocation":[],"posttype":[],"postservice":[],"class_list":["post-312349","post","type-post","status-publish","format-standard","has-post-thumbnail","hentry","category-latest-news","category-news"],"acf":[],"yoast_head":"<!-- This site is optimized with the Yoast SEO plugin v27.4 - https:\/\/yoast.com\/product\/yoast-seo-wordpress\/ -->\n<title>10\/04\/26 Statement on the Current Situation in the Middle East - EV Cargo<\/title>\n<meta name=\"robots\" content=\"index, follow, max-snippet:-1, max-image-preview:large, max-video-preview:-1\" \/>\n<link rel=\"canonical\" href=\"https:\/\/www.evcargo.com\/pl\/10-04-26-statement-on-the-current-situation-in-the-middle-east\/\" \/>\n<meta property=\"og:locale\" content=\"pl_PL\" \/>\n<meta property=\"og:type\" content=\"article\" \/>\n<meta property=\"og:title\" content=\"10\/04\/26 Statement on the Current Situation in the Middle East - EV Cargo\" \/>\n<meta property=\"og:description\" content=\"We continue to monitor the situation in the Middle East [&hellip;]\" \/>\n<meta property=\"og:url\" content=\"https:\/\/www.evcargo.com\/pl\/10-04-26-statement-on-the-current-situation-in-the-middle-east\/\" \/>\n<meta property=\"og:site_name\" content=\"EV Cargo\" \/>\n<meta property=\"article:published_time\" content=\"2026-04-10T15:25:26+00:00\" \/>\n<meta property=\"article:modified_time\" content=\"2026-04-10T15:28:47+00:00\" \/>\n<meta property=\"og:image\" content=\"https:\/\/www.evcargo.com\/wp-content\/uploads\/2026\/03\/Web-Banners-11.png\" \/>\n\t<meta property=\"og:image:width\" content=\"1855\" \/>\n\t<meta property=\"og:image:height\" content=\"550\" \/>\n\t<meta property=\"og:image:type\" content=\"image\/png\" \/>\n<meta name=\"author\" content=\"shona\" \/>\n<meta name=\"twitter:card\" content=\"summary_large_image\" \/>\n<meta name=\"twitter:label1\" content=\"Napisane przez\" \/>\n\t<meta name=\"twitter:data1\" content=\"shona\" \/>\n\t<meta name=\"twitter:label2\" content=\"Szacowany czas czytania\" \/>\n\t<meta name=\"twitter:data2\" content=\"2 minuty\" \/>\n<script type=\"application\/ld+json\" class=\"yoast-schema-graph\">{\"@context\":\"https:\\\/\\\/schema.org\",\"@graph\":[{\"@type\":\"Article\",\"@id\":\"https:\\\/\\\/www.evcargo.com\\\/10-04-26-statement-on-the-current-situation-in-the-middle-east\\\/#article\",\"isPartOf\":{\"@id\":\"https:\\\/\\\/www.evcargo.com\\\/10-04-26-statement-on-the-current-situation-in-the-middle-east\\\/\"},\"author\":{\"name\":\"shona\",\"@id\":\"https:\\\/\\\/www.evcargo.com\\\/de\\\/#\\\/schema\\\/person\\\/cb0e1deac80b9ec368b058f9e9b77e6d\"},\"headline\":\"10\\\/04\\\/26 Statement on the Current Situation in the Middle East\",\"datePublished\":\"2026-04-10T15:25:26+00:00\",\"dateModified\":\"2026-04-10T15:28:47+00:00\",\"mainEntityOfPage\":{\"@id\":\"https:\\\/\\\/www.evcargo.com\\\/10-04-26-statement-on-the-current-situation-in-the-middle-east\\\/\"},\"wordCount\":339,\"publisher\":{\"@id\":\"https:\\\/\\\/www.evcargo.com\\\/de\\\/#organization\"},\"image\":{\"@id\":\"https:\\\/\\\/www.evcargo.com\\\/10-04-26-statement-on-the-current-situation-in-the-middle-east\\\/#primaryimage\"},\"thumbnailUrl\":\"https:\\\/\\\/www.evcargo.com\\\/wp-content\\\/uploads\\\/2026\\\/03\\\/Web-Banners-11.png\",\"articleSection\":[\"Latest News\",\"News\"],\"inLanguage\":\"pl-PL\"},{\"@type\":\"WebPage\",\"@id\":\"https:\\\/\\\/www.evcargo.com\\\/10-04-26-statement-on-the-current-situation-in-the-middle-east\\\/\",\"url\":\"https:\\\/\\\/www.evcargo.com\\\/10-04-26-statement-on-the-current-situation-in-the-middle-east\\\/\",\"name\":\"10\\\/04\\\/26 Statement on the Current Situation in the Middle East - EV Cargo\",\"isPartOf\":{\"@id\":\"https:\\\/\\\/www.evcargo.com\\\/de\\\/#website\"},\"primaryImageOfPage\":{\"@id\":\"https:\\\/\\\/www.evcargo.com\\\/10-04-26-statement-on-the-current-situation-in-the-middle-east\\\/#primaryimage\"},\"image\":{\"@id\":\"https:\\\/\\\/www.evcargo.com\\\/10-04-26-statement-on-the-current-situation-in-the-middle-east\\\/#primaryimage\"},\"thumbnailUrl\":\"https:\\\/\\\/www.evcargo.com\\\/wp-content\\\/uploads\\\/2026\\\/03\\\/Web-Banners-11.png\",\"datePublished\":\"2026-04-10T15:25:26+00:00\",\"dateModified\":\"2026-04-10T15:28:47+00:00\",\"inLanguage\":\"pl-PL\",\"potentialAction\":[{\"@type\":\"ReadAction\",\"target\":[\"https:\\\/\\\/www.evcargo.com\\\/10-04-26-statement-on-the-current-situation-in-the-middle-east\\\/\"]}]},{\"@type\":\"ImageObject\",\"inLanguage\":\"pl-PL\",\"@id\":\"https:\\\/\\\/www.evcargo.com\\\/10-04-26-statement-on-the-current-situation-in-the-middle-east\\\/#primaryimage\",\"url\":\"https:\\\/\\\/www.evcargo.com\\\/wp-content\\\/uploads\\\/2026\\\/03\\\/Web-Banners-11.png\",\"contentUrl\":\"https:\\\/\\\/www.evcargo.com\\\/wp-content\\\/uploads\\\/2026\\\/03\\\/Web-Banners-11.png\",\"width\":1855,\"height\":550},{\"@type\":\"WebSite\",\"@id\":\"https:\\\/\\\/www.evcargo.com\\\/de\\\/#website\",\"url\":\"https:\\\/\\\/www.evcargo.com\\\/de\\\/\",\"name\":\"EV Cargo\",\"description\":\"\",\"publisher\":{\"@id\":\"https:\\\/\\\/www.evcargo.com\\\/de\\\/#organization\"},\"potentialAction\":[{\"@type\":\"SearchAction\",\"target\":{\"@type\":\"EntryPoint\",\"urlTemplate\":\"https:\\\/\\\/www.evcargo.com\\\/de\\\/?s={search_term_string}\"},\"query-input\":{\"@type\":\"PropertyValueSpecification\",\"valueRequired\":true,\"valueName\":\"search_term_string\"}}],\"inLanguage\":\"pl-PL\"},{\"@type\":\"Organization\",\"@id\":\"https:\\\/\\\/www.evcargo.com\\\/de\\\/#organization\",\"name\":\"EV Cargo\",\"alternateName\":\"EVC\",\"url\":\"https:\\\/\\\/www.evcargo.com\\\/de\\\/\",\"logo\":{\"@type\":\"ImageObject\",\"inLanguage\":\"pl-PL\",\"@id\":\"https:\\\/\\\/www.evcargo.com\\\/de\\\/#\\\/schema\\\/logo\\\/image\\\/\",\"url\":\"https:\\\/\\\/www.evcargo.com\\\/wp-content\\\/uploads\\\/2025\\\/02\\\/ev-cargo-logo.png\",\"contentUrl\":\"https:\\\/\\\/www.evcargo.com\\\/wp-content\\\/uploads\\\/2025\\\/02\\\/ev-cargo-logo.png\",\"width\":364,\"height\":78,\"caption\":\"EV Cargo\"},\"image\":{\"@id\":\"https:\\\/\\\/www.evcargo.com\\\/de\\\/#\\\/schema\\\/logo\\\/image\\\/\"}},{\"@type\":\"Person\",\"@id\":\"https:\\\/\\\/www.evcargo.com\\\/de\\\/#\\\/schema\\\/person\\\/cb0e1deac80b9ec368b058f9e9b77e6d\",\"name\":\"shona\",\"image\":{\"@type\":\"ImageObject\",\"inLanguage\":\"pl-PL\",\"@id\":\"https:\\\/\\\/secure.gravatar.com\\\/avatar\\\/756f72c890440fd1d188efdb640aa38ff9bae54afcbfde9221b357c60dfcc39f?s=96&d=mm&r=g\",\"url\":\"https:\\\/\\\/secure.gravatar.com\\\/avatar\\\/756f72c890440fd1d188efdb640aa38ff9bae54afcbfde9221b357c60dfcc39f?s=96&d=mm&r=g\",\"contentUrl\":\"https:\\\/\\\/secure.gravatar.com\\\/avatar\\\/756f72c890440fd1d188efdb640aa38ff9bae54afcbfde9221b357c60dfcc39f?s=96&d=mm&r=g\",\"caption\":\"shona\"}}]}<\/script>\n<!-- \/ Yoast SEO plugin. -->","yoast_head_json":{"title":"10\/04\/26 Statement on the Current Situation in the Middle East - EV Cargo","robots":{"index":"index","follow":"follow","max-snippet":"max-snippet:-1","max-image-preview":"max-image-preview:large","max-video-preview":"max-video-preview:-1"},"canonical":"https:\/\/www.evcargo.com\/pl\/10-04-26-statement-on-the-current-situation-in-the-middle-east\/","og_locale":"pl_PL","og_type":"article","og_title":"10\/04\/26 Statement on the Current Situation in the Middle East - EV Cargo","og_description":"We continue to monitor the situation in the Middle East [&hellip;]","og_url":"https:\/\/www.evcargo.com\/pl\/10-04-26-statement-on-the-current-situation-in-the-middle-east\/","og_site_name":"EV Cargo","article_published_time":"2026-04-10T15:25:26+00:00","article_modified_time":"2026-04-10T15:28:47+00:00","og_image":[{"width":1855,"height":550,"url":"https:\/\/www.evcargo.com\/wp-content\/uploads\/2026\/03\/Web-Banners-11.png","type":"image\/png"}],"author":"shona","twitter_card":"summary_large_image","twitter_misc":{"Napisane przez":"shona","Szacowany czas czytania":"2 minuty"},"schema":{"@context":"https:\/\/schema.org","@graph":[{"@type":"Article","@id":"https:\/\/www.evcargo.com\/10-04-26-statement-on-the-current-situation-in-the-middle-east\/#article","isPartOf":{"@id":"https:\/\/www.evcargo.com\/10-04-26-statement-on-the-current-situation-in-the-middle-east\/"},"author":{"name":"shona","@id":"https:\/\/www.evcargo.com\/de\/#\/schema\/person\/cb0e1deac80b9ec368b058f9e9b77e6d"},"headline":"10\/04\/26 Statement on the Current Situation in the Middle East","datePublished":"2026-04-10T15:25:26+00:00","dateModified":"2026-04-10T15:28:47+00:00","mainEntityOfPage":{"@id":"https:\/\/www.evcargo.com\/10-04-26-statement-on-the-current-situation-in-the-middle-east\/"},"wordCount":339,"publisher":{"@id":"https:\/\/www.evcargo.com\/de\/#organization"},"image":{"@id":"https:\/\/www.evcargo.com\/10-04-26-statement-on-the-current-situation-in-the-middle-east\/#primaryimage"},"thumbnailUrl":"https:\/\/www.evcargo.com\/wp-content\/uploads\/2026\/03\/Web-Banners-11.png","articleSection":["Latest News","News"],"inLanguage":"pl-PL"},{"@type":"WebPage","@id":"https:\/\/www.evcargo.com\/10-04-26-statement-on-the-current-situation-in-the-middle-east\/","url":"https:\/\/www.evcargo.com\/10-04-26-statement-on-the-current-situation-in-the-middle-east\/","name":"10\/04\/26 Statement on the Current Situation in the Middle East - EV Cargo","isPartOf":{"@id":"https:\/\/www.evcargo.com\/de\/#website"},"primaryImageOfPage":{"@id":"https:\/\/www.evcargo.com\/10-04-26-statement-on-the-current-situation-in-the-middle-east\/#primaryimage"},"image":{"@id":"https:\/\/www.evcargo.com\/10-04-26-statement-on-the-current-situation-in-the-middle-east\/#primaryimage"},"thumbnailUrl":"https:\/\/www.evcargo.com\/wp-content\/uploads\/2026\/03\/Web-Banners-11.png","datePublished":"2026-04-10T15:25:26+00:00","dateModified":"2026-04-10T15:28:47+00:00","inLanguage":"pl-PL","potentialAction":[{"@type":"ReadAction","target":["https:\/\/www.evcargo.com\/10-04-26-statement-on-the-current-situation-in-the-middle-east\/"]}]},{"@type":"ImageObject","inLanguage":"pl-PL","@id":"https:\/\/www.evcargo.com\/10-04-26-statement-on-the-current-situation-in-the-middle-east\/#primaryimage","url":"https:\/\/www.evcargo.com\/wp-content\/uploads\/2026\/03\/Web-Banners-11.png","contentUrl":"https:\/\/www.evcargo.com\/wp-content\/uploads\/2026\/03\/Web-Banners-11.png","width":1855,"height":550},{"@type":"WebSite","@id":"https:\/\/www.evcargo.com\/de\/#website","url":"https:\/\/www.evcargo.com\/de\/","name":"\u0141adunek EV","description":"","publisher":{"@id":"https:\/\/www.evcargo.com\/de\/#organization"},"potentialAction":[{"@type":"SearchAction","target":{"@type":"EntryPoint","urlTemplate":"https:\/\/www.evcargo.com\/de\/?s={search_term_string}"},"query-input":{"@type":"PropertyValueSpecification","valueRequired":true,"valueName":"search_term_string"}}],"inLanguage":"pl-PL"},{"@type":"Organization","@id":"https:\/\/www.evcargo.com\/de\/#organization","name":"\u0141adunek EV","alternateName":"EVC","url":"https:\/\/www.evcargo.com\/de\/","logo":{"@type":"ImageObject","inLanguage":"pl-PL","@id":"https:\/\/www.evcargo.com\/de\/#\/schema\/logo\/image\/","url":"https:\/\/www.evcargo.com\/wp-content\/uploads\/2025\/02\/ev-cargo-logo.png","contentUrl":"https:\/\/www.evcargo.com\/wp-content\/uploads\/2025\/02\/ev-cargo-logo.png","width":364,"height":78,"caption":"EV Cargo"},"image":{"@id":"https:\/\/www.evcargo.com\/de\/#\/schema\/logo\/image\/"}},{"@type":"Person","@id":"https:\/\/www.evcargo.com\/de\/#\/schema\/person\/cb0e1deac80b9ec368b058f9e9b77e6d","name":"Shona","image":{"@type":"ImageObject","inLanguage":"pl-PL","@id":"https:\/\/secure.gravatar.com\/avatar\/756f72c890440fd1d188efdb640aa38ff9bae54afcbfde9221b357c60dfcc39f?s=96&d=mm&r=g","url":"https:\/\/secure.gravatar.com\/avatar\/756f72c890440fd1d188efdb640aa38ff9bae54afcbfde9221b357c60dfcc39f?s=96&d=mm&r=g","contentUrl":"https:\/\/secure.gravatar.com\/avatar\/756f72c890440fd1d188efdb640aa38ff9bae54afcbfde9221b357c60dfcc39f?s=96&d=mm&r=g","caption":"shona"}}]}},"_links":{"self":[{"href":"https:\/\/www.evcargo.com\/pl\/wp-json\/wp\/v2\/posts\/312349","targetHints":{"allow":["GET"]}}],"collection":[{"href":"https:\/\/www.evcargo.com\/pl\/wp-json\/wp\/v2\/posts"}],"about":[{"href":"https:\/\/www.evcargo.com\/pl\/wp-json\/wp\/v2\/types\/post"}],"author":[{"embeddable":true,"href":"https:\/\/www.evcargo.com\/pl\/wp-json\/wp\/v2\/users\/9"}],"replies":[{"embeddable":true,"href":"https:\/\/www.evcargo.com\/pl\/wp-json\/wp\/v2\/comments?post=312349"}],"version-history":[{"count":1,"href":"https:\/\/www.evcargo.com\/pl\/wp-json\/wp\/v2\/posts\/312349\/revisions"}],"predecessor-version":[{"id":312350,"href":"https:\/\/www.evcargo.com\/pl\/wp-json\/wp\/v2\/posts\/312349\/revisions\/312350"}],"wp:featuredmedia":[{"embeddable":true,"href":"https:\/\/www.evcargo.com\/pl\/wp-json\/wp\/v2\/media\/304565"}],"wp:attachment":[{"href":"https:\/\/www.evcargo.com\/pl\/wp-json\/wp\/v2\/media?parent=312349"}],"wp:term":[{"taxonomy":"category","embeddable":true,"href":"https:\/\/www.evcargo.com\/pl\/wp-json\/wp\/v2\/categories?post=312349"},{"taxonomy":"post_tag","embeddable":true,"href":"https:\/\/www.evcargo.com\/pl\/wp-json\/wp\/v2\/tags?post=312349"},{"taxonomy":"postlocation","embeddable":true,"href":"https:\/\/www.evcargo.com\/pl\/wp-json\/wp\/v2\/postlocation?post=312349"},{"taxonomy":"posttype","embeddable":true,"href":"https:\/\/www.evcargo.com\/pl\/wp-json\/wp\/v2\/posttype?post=312349"},{"taxonomy":"postservice","embeddable":true,"href":"https:\/\/www.evcargo.com\/pl\/wp-json\/wp\/v2\/postservice?post=312349"}],"curies":[{"name":"wp","href":"https:\/\/api.w.org\/{rel}","templated":true}]}}