{"id":98017,"date":"2020-12-17T00:00:00","date_gmt":"2020-12-17T00:00:00","guid":{"rendered":"https:\/\/evc.extramilecommunications.dev\/new-business-development-manager-to-drive-growth-for-logistics\/"},"modified":"2024-07-02T15:09:56","modified_gmt":"2024-07-02T14:09:56","slug":"new-business-development-manager-to-drive-growth-for-logistics","status":"publish","type":"post","link":"https:\/\/www.evcargo.com\/pl\/new-business-development-manager-to-drive-growth-for-logistics\/","title":{"rendered":"Nowy mened\u017cer ds. rozwoju biznesu b\u0119dzie nap\u0119dza\u0142 wzrost logistyki"},"content":{"rendered":"<p>Oliver Saffell do\u0142\u0105czy\u0142 do EV Cargo Logistics na nowo utworzonym stanowisku mened\u017cera ds. rozwoju biznesu. <\/p>\n<p>Oliver do\u0142\u0105czy\u0142 do firmy z Fresh Logistics, firmy zajmuj\u0105cej si\u0119 kurierstwem i magazynowaniem w kontrolowanej temperaturze, i wnosi ze sob\u0105 bogate do\u015bwiadczenie operacyjne i handlowe, kt\u00f3re oka\u017ce si\u0119 kluczowe w jego wa\u017cnym zadaniu rozwijania g\u0142\u00f3wnej dzia\u0142alno\u015bci transportowej EV Cargo Logistics.<\/p>\n<p>Aaron Scott, dyrektor zarz\u0105dzaj\u0105cy EV Cargo Logistics, powiedzia\u0142: \u201eTo trudny czas dla os\u00f3b, kt\u00f3re chc\u0105 do\u0142\u0105czy\u0107 do jakiegokolwiek biznesu, bior\u0105c pod uwag\u0119 wirtualny charakter, w jakim obecnie dzia\u0142a wiele firm, a co dopiero dla firm, kt\u00f3re tak jak my, znajduj\u0105 si\u0119 w okresie przed\u015bwi\u0105tecznym. <\/p>\n<p>\u201eDzi\u0119kuj\u0119 wszystkim, kt\u00f3rzy pomagaj\u0105 w ramach wprowadzenia Oli i jestem pewien, \u017ce wielu z was b\u0119dzie mia\u0142o okazj\u0119 pozna\u0107 go w Nowym Roku. Jestem pewien, \u017ce do\u0142\u0105czycie do mnie w \u017cyczeniu Oliverowi sukces\u00f3w w jego nowej roli\u201d.<\/p>","protected":false},"excerpt":{"rendered":"<p>Oliver Saffell has joined EV Cargo Logistics in the newly [&hellip;]<\/p>\n","protected":false},"author":5,"featured_media":0,"comment_status":"closed","ping_status":"open","sticky":false,"template":"","format":"standard","meta":{"_acf_changed":false,"footnotes":""},"categories":[30],"tags":[],"postlocation":[],"posttype":[],"postservice":[],"class_list":["post-98017","post","type-post","status-publish","format-standard","hentry","category-business-news"],"acf":[],"yoast_head":"<!-- This site is optimized with the Yoast SEO plugin v27.4 - https:\/\/yoast.com\/product\/yoast-seo-wordpress\/ -->\n<title>New Business Development Manager To Drive Growth For Logistics - EV Cargo<\/title>\n<meta name=\"robots\" content=\"index, follow, max-snippet:-1, max-image-preview:large, max-video-preview:-1\" \/>\n<link rel=\"canonical\" href=\"https:\/\/www.evcargo.com\/pl\/new-business-development-manager-to-drive-growth-for-logistics\/\" \/>\n<meta property=\"og:locale\" content=\"pl_PL\" \/>\n<meta property=\"og:type\" content=\"article\" \/>\n<meta property=\"og:title\" content=\"New Business Development Manager To Drive Growth For Logistics - EV Cargo\" \/>\n<meta property=\"og:description\" content=\"Oliver Saffell has joined EV Cargo Logistics in the newly [&hellip;]\" \/>\n<meta property=\"og:url\" content=\"https:\/\/www.evcargo.com\/pl\/new-business-development-manager-to-drive-growth-for-logistics\/\" \/>\n<meta property=\"og:site_name\" content=\"EV Cargo\" \/>\n<meta property=\"article:published_time\" content=\"2020-12-17T00:00:00+00:00\" \/>\n<meta property=\"article:modified_time\" content=\"2024-07-02T14:09:56+00:00\" \/>\n<meta name=\"author\" content=\"Extramile\" \/>\n<meta name=\"twitter:card\" content=\"summary_large_image\" \/>\n<meta name=\"twitter:label1\" content=\"Napisane przez\" \/>\n\t<meta name=\"twitter:data1\" content=\"Extramile\" \/>\n\t<meta name=\"twitter:label2\" content=\"Szacowany czas czytania\" \/>\n\t<meta name=\"twitter:data2\" content=\"1 minuta\" \/>\n<script type=\"application\/ld+json\" class=\"yoast-schema-graph\">{\"@context\":\"https:\\\/\\\/schema.org\",\"@graph\":[{\"@type\":\"Article\",\"@id\":\"https:\\\/\\\/www.evcargo.com\\\/en\\\/new-business-development-manager-to-drive-growth-for-logistics\\\/#article\",\"isPartOf\":{\"@id\":\"https:\\\/\\\/www.evcargo.com\\\/en\\\/new-business-development-manager-to-drive-growth-for-logistics\\\/\"},\"author\":{\"name\":\"Extramile\",\"@id\":\"https:\\\/\\\/www.evcargo.com\\\/de\\\/#\\\/schema\\\/person\\\/573a241aeca1b761eca1a71200f127c0\"},\"headline\":\"New Business Development Manager To Drive Growth For Logistics\",\"datePublished\":\"2020-12-17T00:00:00+00:00\",\"dateModified\":\"2024-07-02T14:09:56+00:00\",\"mainEntityOfPage\":{\"@id\":\"https:\\\/\\\/www.evcargo.com\\\/en\\\/new-business-development-manager-to-drive-growth-for-logistics\\\/\"},\"wordCount\":151,\"publisher\":{\"@id\":\"https:\\\/\\\/www.evcargo.com\\\/de\\\/#organization\"},\"articleSection\":[\"Business News\"],\"inLanguage\":\"pl-PL\"},{\"@type\":\"WebPage\",\"@id\":\"https:\\\/\\\/www.evcargo.com\\\/en\\\/new-business-development-manager-to-drive-growth-for-logistics\\\/\",\"url\":\"https:\\\/\\\/www.evcargo.com\\\/en\\\/new-business-development-manager-to-drive-growth-for-logistics\\\/\",\"name\":\"New Business Development Manager To Drive Growth For Logistics - EV Cargo\",\"isPartOf\":{\"@id\":\"https:\\\/\\\/www.evcargo.com\\\/de\\\/#website\"},\"datePublished\":\"2020-12-17T00:00:00+00:00\",\"dateModified\":\"2024-07-02T14:09:56+00:00\",\"inLanguage\":\"pl-PL\",\"potentialAction\":[{\"@type\":\"ReadAction\",\"target\":[\"https:\\\/\\\/www.evcargo.com\\\/en\\\/new-business-development-manager-to-drive-growth-for-logistics\\\/\"]}]},{\"@type\":\"WebSite\",\"@id\":\"https:\\\/\\\/www.evcargo.com\\\/de\\\/#website\",\"url\":\"https:\\\/\\\/www.evcargo.com\\\/de\\\/\",\"name\":\"EV Cargo\",\"description\":\"\",\"publisher\":{\"@id\":\"https:\\\/\\\/www.evcargo.com\\\/de\\\/#organization\"},\"potentialAction\":[{\"@type\":\"SearchAction\",\"target\":{\"@type\":\"EntryPoint\",\"urlTemplate\":\"https:\\\/\\\/www.evcargo.com\\\/de\\\/?s={search_term_string}\"},\"query-input\":{\"@type\":\"PropertyValueSpecification\",\"valueRequired\":true,\"valueName\":\"search_term_string\"}}],\"inLanguage\":\"pl-PL\"},{\"@type\":\"Organization\",\"@id\":\"https:\\\/\\\/www.evcargo.com\\\/de\\\/#organization\",\"name\":\"EV Cargo\",\"alternateName\":\"EVC\",\"url\":\"https:\\\/\\\/www.evcargo.com\\\/de\\\/\",\"logo\":{\"@type\":\"ImageObject\",\"inLanguage\":\"pl-PL\",\"@id\":\"https:\\\/\\\/www.evcargo.com\\\/de\\\/#\\\/schema\\\/logo\\\/image\\\/\",\"url\":\"https:\\\/\\\/www.evcargo.com\\\/wp-content\\\/uploads\\\/2025\\\/02\\\/ev-cargo-logo.png\",\"contentUrl\":\"https:\\\/\\\/www.evcargo.com\\\/wp-content\\\/uploads\\\/2025\\\/02\\\/ev-cargo-logo.png\",\"width\":364,\"height\":78,\"caption\":\"EV Cargo\"},\"image\":{\"@id\":\"https:\\\/\\\/www.evcargo.com\\\/de\\\/#\\\/schema\\\/logo\\\/image\\\/\"}},{\"@type\":\"Person\",\"@id\":\"https:\\\/\\\/www.evcargo.com\\\/de\\\/#\\\/schema\\\/person\\\/573a241aeca1b761eca1a71200f127c0\",\"name\":\"Extramile\",\"image\":{\"@type\":\"ImageObject\",\"inLanguage\":\"pl-PL\",\"@id\":\"https:\\\/\\\/secure.gravatar.com\\\/avatar\\\/4d168442295cd39d9d3845fd5f8676a34f8965750d91cfb9246fdbef454cb018?s=96&d=mm&r=g\",\"url\":\"https:\\\/\\\/secure.gravatar.com\\\/avatar\\\/4d168442295cd39d9d3845fd5f8676a34f8965750d91cfb9246fdbef454cb018?s=96&d=mm&r=g\",\"contentUrl\":\"https:\\\/\\\/secure.gravatar.com\\\/avatar\\\/4d168442295cd39d9d3845fd5f8676a34f8965750d91cfb9246fdbef454cb018?s=96&d=mm&r=g\",\"caption\":\"Extramile\"}}]}<\/script>\n<!-- \/ Yoast SEO plugin. -->","yoast_head_json":{"title":"Nowy mened\u017cer ds. rozwoju biznesu b\u0119dzie nap\u0119dza\u0142 wzrost logistyki - EV Cargo","robots":{"index":"index","follow":"follow","max-snippet":"max-snippet:-1","max-image-preview":"max-image-preview:large","max-video-preview":"max-video-preview:-1"},"canonical":"https:\/\/www.evcargo.com\/pl\/new-business-development-manager-to-drive-growth-for-logistics\/","og_locale":"pl_PL","og_type":"article","og_title":"New Business Development Manager To Drive Growth For Logistics - EV Cargo","og_description":"Oliver Saffell has joined EV Cargo Logistics in the newly [&hellip;]","og_url":"https:\/\/www.evcargo.com\/pl\/new-business-development-manager-to-drive-growth-for-logistics\/","og_site_name":"EV Cargo","article_published_time":"2020-12-17T00:00:00+00:00","article_modified_time":"2024-07-02T14:09:56+00:00","author":"Extramile","twitter_card":"summary_large_image","twitter_misc":{"Napisane przez":"Extramile","Szacowany czas czytania":"1 minuta"},"schema":{"@context":"https:\/\/schema.org","@graph":[{"@type":"Article","@id":"https:\/\/www.evcargo.com\/en\/new-business-development-manager-to-drive-growth-for-logistics\/#article","isPartOf":{"@id":"https:\/\/www.evcargo.com\/en\/new-business-development-manager-to-drive-growth-for-logistics\/"},"author":{"name":"Extramile","@id":"https:\/\/www.evcargo.com\/de\/#\/schema\/person\/573a241aeca1b761eca1a71200f127c0"},"headline":"New Business Development Manager To Drive Growth For Logistics","datePublished":"2020-12-17T00:00:00+00:00","dateModified":"2024-07-02T14:09:56+00:00","mainEntityOfPage":{"@id":"https:\/\/www.evcargo.com\/en\/new-business-development-manager-to-drive-growth-for-logistics\/"},"wordCount":151,"publisher":{"@id":"https:\/\/www.evcargo.com\/de\/#organization"},"articleSection":["Business News"],"inLanguage":"pl-PL"},{"@type":"WebPage","@id":"https:\/\/www.evcargo.com\/en\/new-business-development-manager-to-drive-growth-for-logistics\/","url":"https:\/\/www.evcargo.com\/en\/new-business-development-manager-to-drive-growth-for-logistics\/","name":"Nowy mened\u017cer ds. rozwoju biznesu b\u0119dzie nap\u0119dza\u0142 wzrost logistyki - EV Cargo","isPartOf":{"@id":"https:\/\/www.evcargo.com\/de\/#website"},"datePublished":"2020-12-17T00:00:00+00:00","dateModified":"2024-07-02T14:09:56+00:00","inLanguage":"pl-PL","potentialAction":[{"@type":"ReadAction","target":["https:\/\/www.evcargo.com\/en\/new-business-development-manager-to-drive-growth-for-logistics\/"]}]},{"@type":"WebSite","@id":"https:\/\/www.evcargo.com\/de\/#website","url":"https:\/\/www.evcargo.com\/de\/","name":"\u0141adunek EV","description":"","publisher":{"@id":"https:\/\/www.evcargo.com\/de\/#organization"},"potentialAction":[{"@type":"SearchAction","target":{"@type":"EntryPoint","urlTemplate":"https:\/\/www.evcargo.com\/de\/?s={search_term_string}"},"query-input":{"@type":"PropertyValueSpecification","valueRequired":true,"valueName":"search_term_string"}}],"inLanguage":"pl-PL"},{"@type":"Organization","@id":"https:\/\/www.evcargo.com\/de\/#organization","name":"\u0141adunek EV","alternateName":"EVC","url":"https:\/\/www.evcargo.com\/de\/","logo":{"@type":"ImageObject","inLanguage":"pl-PL","@id":"https:\/\/www.evcargo.com\/de\/#\/schema\/logo\/image\/","url":"https:\/\/www.evcargo.com\/wp-content\/uploads\/2025\/02\/ev-cargo-logo.png","contentUrl":"https:\/\/www.evcargo.com\/wp-content\/uploads\/2025\/02\/ev-cargo-logo.png","width":364,"height":78,"caption":"EV Cargo"},"image":{"@id":"https:\/\/www.evcargo.com\/de\/#\/schema\/logo\/image\/"}},{"@type":"Person","@id":"https:\/\/www.evcargo.com\/de\/#\/schema\/person\/573a241aeca1b761eca1a71200f127c0","name":"Extramile","image":{"@type":"ImageObject","inLanguage":"pl-PL","@id":"https:\/\/secure.gravatar.com\/avatar\/4d168442295cd39d9d3845fd5f8676a34f8965750d91cfb9246fdbef454cb018?s=96&d=mm&r=g","url":"https:\/\/secure.gravatar.com\/avatar\/4d168442295cd39d9d3845fd5f8676a34f8965750d91cfb9246fdbef454cb018?s=96&d=mm&r=g","contentUrl":"https:\/\/secure.gravatar.com\/avatar\/4d168442295cd39d9d3845fd5f8676a34f8965750d91cfb9246fdbef454cb018?s=96&d=mm&r=g","caption":"Extramile"}}]}},"_links":{"self":[{"href":"https:\/\/www.evcargo.com\/pl\/wp-json\/wp\/v2\/posts\/98017","targetHints":{"allow":["GET"]}}],"collection":[{"href":"https:\/\/www.evcargo.com\/pl\/wp-json\/wp\/v2\/posts"}],"about":[{"href":"https:\/\/www.evcargo.com\/pl\/wp-json\/wp\/v2\/types\/post"}],"author":[{"embeddable":true,"href":"https:\/\/www.evcargo.com\/pl\/wp-json\/wp\/v2\/users\/5"}],"replies":[{"embeddable":true,"href":"https:\/\/www.evcargo.com\/pl\/wp-json\/wp\/v2\/comments?post=98017"}],"version-history":[{"count":0,"href":"https:\/\/www.evcargo.com\/pl\/wp-json\/wp\/v2\/posts\/98017\/revisions"}],"wp:attachment":[{"href":"https:\/\/www.evcargo.com\/pl\/wp-json\/wp\/v2\/media?parent=98017"}],"wp:term":[{"taxonomy":"category","embeddable":true,"href":"https:\/\/www.evcargo.com\/pl\/wp-json\/wp\/v2\/categories?post=98017"},{"taxonomy":"post_tag","embeddable":true,"href":"https:\/\/www.evcargo.com\/pl\/wp-json\/wp\/v2\/tags?post=98017"},{"taxonomy":"postlocation","embeddable":true,"href":"https:\/\/www.evcargo.com\/pl\/wp-json\/wp\/v2\/postlocation?post=98017"},{"taxonomy":"posttype","embeddable":true,"href":"https:\/\/www.evcargo.com\/pl\/wp-json\/wp\/v2\/posttype?post=98017"},{"taxonomy":"postservice","embeddable":true,"href":"https:\/\/www.evcargo.com\/pl\/wp-json\/wp\/v2\/postservice?post=98017"}],"curies":[{"name":"wp","href":"https:\/\/api.w.org\/{rel}","templated":true}]}}